{"id":1572,"date":"2003-03-02T12:30:08","date_gmt":"2003-03-02T12:30:08","guid":{"rendered":"http:\/\/aaliechtli.ch?p=1572"},"modified":"2018-02-13T17:13:09","modified_gmt":"2018-02-13T17:13:09","slug":"januar-2017","status":"publish","type":"post","link":"https:\/\/aaliechtli.ch\/en\/januar-2017\/","title":{"rendered":"Warum Steine?"},"content":{"rendered":"<p>Schon als Kinder waren wir fasziniert von Steinen. Nat\u00fcrlich beschr\u00e4nkten sich unsere Kostbarkeiten auf Steine, die wir auf unseren Wanderungen und Spazierg\u00e4ngen gefunden hatten. Erst mit der Zeit lernten wir auch die Vielfalt der Mineralien kennen, die es auf der ganzen Welt zu finden gibt.<\/p>\n<p>Mary Simotti war vor allem geologisch interessiert, d.h. wie die ganzen Mineralien entstanden sind, welche chemische Zusammensetzung sie haben und wie man sie bestimmen kann. Das ist auch heute ihre Aufgabe: sie bestimmt und beschriftet Mineralien, die wir von H\u00e4ndlern und Privatpersonen einkaufen. Dem entsprechend sind auch die Kurse, die sie besucht, in der analytischen Steinheilkunde, dem Erkennen von F\u00e4lschungen und dem Bearbeiten von Steinen angesiedelt.<\/p>\n<p>Ruth Manser hat schon fr\u00fch die Kraft der Steine gesp\u00fcrt und hat viele Selbstversuche gestartet. Dem entsprechend hat sie sich in der neueren Zeit vor allem mit der Heilkraft der Mineralien besch\u00e4ftigt und viele Steinheilkunde-B\u00fccher gew\u00e4lzt. Zudem hat sie einen Kurs in der Herstellung von Ketten besucht und kreiert seither Schmuck, entweder auf Draht aufgezogen oder auf Seide gekn\u00fcpft. Weil sie selber sehr gut auf Steine reagiert und dank etlichen R\u00fcckmeldungen von Kunden, ist sie immer mehr von der Steinheilkunde angetan und m\u00f6chte, dass die Steine f\u00fcr alle Menschen erschwinglich sind. Das ist mit ein Grund, dass sie seit 2009 selber Heilstein-Elixiere herstellt. So k\u00f6nnen auch teurere Steine in Form von Elixieren eingesetzt werden, ohne dass daf\u00fcr ein Verm\u00f6gen aufgeworfen werden muss.<\/p>\n<p>Sonja Broger hingegen war mehr von der Sch\u00f6nheit der Steine angetan. Dem entsprechend hat sie nun ihre eigene Linie \u201eSonjArt\u201c auf die Beine gestellt. Sie bearbeitet einheimische und andere Steine auf der Schleifmaschine und stellt exklusiven Schmuck her. Weiter ist sie f\u00fcr die Ladendekoration verantwortlich. Als gelernte Floristin bringt sie daf\u00fcr gute Grundlagen mit. Ihre Kreativit\u00e4t und der Hang zur Natur helfen ihr dabei, unseren Laden jederzeit als Schmuckst\u00fcck zu pr\u00e4sentieren.<\/p>\n","protected":false},"excerpt":{"rendered":"<p>Schon als Kinder waren wir fasziniert von Steinen. Nat\u00fcrlich beschr\u00e4nkten sich unsere Kostbarkeiten auf Steine, die wir auf unseren Wanderungen und Spazierg\u00e4ngen gefunden hatten. Erst mit der Zeit lernten wir [&hellip;]<\/p>\n","protected":false},"author":3,"featured_media":1587,"comment_status":"closed","ping_status":"closed","sticky":false,"template":"","format":"standard","meta":{"footnotes":""},"categories":[72],"tags":[],"class_list":["post-1572","post","type-post","status-publish","format-standard","has-post-thumbnail","hentry","category-geschichte-aaliechtli"],"yoast_head":"<!-- This site is optimized with the Yoast SEO plugin v23.6 - https:\/\/yoast.com\/wordpress\/plugins\/seo\/ -->\n<title>Warum Steine? - Aaliechtli<\/title>\n<meta name=\"robots\" content=\"index, follow, max-snippet:-1, max-image-preview:large, max-video-preview:-1\" \/>\n<link rel=\"canonical\" href=\"https:\/\/aaliechtli.ch\/en\/januar-2017\/\" \/>\n<meta property=\"og:locale\" content=\"en_US\" \/>\n<meta property=\"og:type\" content=\"article\" \/>\n<meta property=\"og:title\" content=\"Warum Steine? - Aaliechtli\" \/>\n<meta property=\"og:description\" content=\"Schon als Kinder waren wir fasziniert von Steinen. Nat\u00fcrlich beschr\u00e4nkten sich unsere Kostbarkeiten auf Steine, die wir auf unseren Wanderungen und Spazierg\u00e4ngen gefunden hatten. Erst mit der Zeit lernten wir [&hellip;]\" \/>\n<meta property=\"og:url\" content=\"https:\/\/aaliechtli.ch\/en\/januar-2017\/\" \/>\n<meta property=\"og:site_name\" content=\"Aaliechtli\" \/>\n<meta property=\"article:published_time\" content=\"2003-03-02T12:30:08+00:00\" \/>\n<meta property=\"article:modified_time\" content=\"2018-02-13T17:13:09+00:00\" \/>\n<meta property=\"og:image\" content=\"https:\/\/aaliechtli.ch\/wp-content\/uploads\/2017\/03\/water-wet-river-nature-60685-2.jpeg\" \/>\n\t<meta property=\"og:image:width\" content=\"1280\" \/>\n\t<meta property=\"og:image:height\" content=\"720\" \/>\n\t<meta property=\"og:image:type\" content=\"image\/jpeg\" \/>\n<meta name=\"author\" content=\"Hugo Dias\" \/>\n<meta name=\"twitter:card\" content=\"summary_large_image\" \/>\n<meta name=\"twitter:label1\" content=\"Written by\" \/>\n\t<meta name=\"twitter:data1\" content=\"Hugo Dias\" \/>\n\t<meta name=\"twitter:label2\" content=\"Est. reading time\" \/>\n\t<meta name=\"twitter:data2\" content=\"2 minutes\" \/>\n<script type=\"application\/ld+json\" class=\"yoast-schema-graph\">{\"@context\":\"https:\/\/schema.org\",\"@graph\":[{\"@type\":\"Article\",\"@id\":\"https:\/\/aaliechtli.ch\/en\/januar-2017\/#article\",\"isPartOf\":{\"@id\":\"https:\/\/aaliechtli.ch\/en\/januar-2017\/\"},\"author\":{\"name\":\"Hugo Dias\",\"@id\":\"https:\/\/aaliechtli.ch\/#\/schema\/person\/21572136b784a6ad9e664e0b09c4b6f3\"},\"headline\":\"Warum Steine?\",\"datePublished\":\"2003-03-02T12:30:08+00:00\",\"dateModified\":\"2018-02-13T17:13:09+00:00\",\"mainEntityOfPage\":{\"@id\":\"https:\/\/aaliechtli.ch\/en\/januar-2017\/\"},\"wordCount\":329,\"publisher\":{\"@id\":\"https:\/\/aaliechtli.ch\/#organization\"},\"image\":{\"@id\":\"https:\/\/aaliechtli.ch\/en\/januar-2017\/#primaryimage\"},\"thumbnailUrl\":\"https:\/\/aaliechtli.ch\/wp-content\/uploads\/2017\/03\/water-wet-river-nature-60685-2.jpeg\",\"articleSection\":[\"Geschichte aaliechtli\"],\"inLanguage\":\"en-US\"},{\"@type\":\"WebPage\",\"@id\":\"https:\/\/aaliechtli.ch\/en\/januar-2017\/\",\"url\":\"https:\/\/aaliechtli.ch\/en\/januar-2017\/\",\"name\":\"Warum Steine? - Aaliechtli\",\"isPartOf\":{\"@id\":\"https:\/\/aaliechtli.ch\/#website\"},\"primaryImageOfPage\":{\"@id\":\"https:\/\/aaliechtli.ch\/en\/januar-2017\/#primaryimage\"},\"image\":{\"@id\":\"https:\/\/aaliechtli.ch\/en\/januar-2017\/#primaryimage\"},\"thumbnailUrl\":\"https:\/\/aaliechtli.ch\/wp-content\/uploads\/2017\/03\/water-wet-river-nature-60685-2.jpeg\",\"datePublished\":\"2003-03-02T12:30:08+00:00\",\"dateModified\":\"2018-02-13T17:13:09+00:00\",\"breadcrumb\":{\"@id\":\"https:\/\/aaliechtli.ch\/en\/januar-2017\/#breadcrumb\"},\"inLanguage\":\"en-US\",\"potentialAction\":[{\"@type\":\"ReadAction\",\"target\":[\"https:\/\/aaliechtli.ch\/en\/januar-2017\/\"]}]},{\"@type\":\"ImageObject\",\"inLanguage\":\"en-US\",\"@id\":\"https:\/\/aaliechtli.ch\/en\/januar-2017\/#primaryimage\",\"url\":\"https:\/\/aaliechtli.ch\/wp-content\/uploads\/2017\/03\/water-wet-river-nature-60685-2.jpeg\",\"contentUrl\":\"https:\/\/aaliechtli.ch\/wp-content\/uploads\/2017\/03\/water-wet-river-nature-60685-2.jpeg\",\"width\":1280,\"height\":720},{\"@type\":\"BreadcrumbList\",\"@id\":\"https:\/\/aaliechtli.ch\/en\/januar-2017\/#breadcrumb\",\"itemListElement\":[{\"@type\":\"ListItem\",\"position\":1,\"name\":\"Home\",\"item\":\"https:\/\/aaliechtli.ch\/\"},{\"@type\":\"ListItem\",\"position\":2,\"name\":\"Warum Steine?\"}]},{\"@type\":\"WebSite\",\"@id\":\"https:\/\/aaliechtli.ch\/#website\",\"url\":\"https:\/\/aaliechtli.ch\/\",\"name\":\"Aaliechtli\",\"description\":\"\",\"publisher\":{\"@id\":\"https:\/\/aaliechtli.ch\/#organization\"},\"potentialAction\":[{\"@type\":\"SearchAction\",\"target\":{\"@type\":\"EntryPoint\",\"urlTemplate\":\"https:\/\/aaliechtli.ch\/?s={search_term_string}\"},\"query-input\":{\"@type\":\"PropertyValueSpecification\",\"valueRequired\":true,\"valueName\":\"search_term_string\"}}],\"inLanguage\":\"en-US\"},{\"@type\":\"Organization\",\"@id\":\"https:\/\/aaliechtli.ch\/#organization\",\"name\":\"Aaliechtli\",\"url\":\"https:\/\/aaliechtli.ch\/\",\"logo\":{\"@type\":\"ImageObject\",\"inLanguage\":\"en-US\",\"@id\":\"https:\/\/aaliechtli.ch\/#\/schema\/logo\/image\/\",\"url\":\"https:\/\/aaliechtli.ch\/wp-content\/uploads\/2016\/11\/cropped-logo-aaliechtli-7.png\",\"contentUrl\":\"https:\/\/aaliechtli.ch\/wp-content\/uploads\/2016\/11\/cropped-logo-aaliechtli-7.png\",\"width\":375,\"height\":110,\"caption\":\"Aaliechtli\"},\"image\":{\"@id\":\"https:\/\/aaliechtli.ch\/#\/schema\/logo\/image\/\"}},{\"@type\":\"Person\",\"@id\":\"https:\/\/aaliechtli.ch\/#\/schema\/person\/21572136b784a6ad9e664e0b09c4b6f3\",\"name\":\"Hugo Dias\",\"url\":\"https:\/\/aaliechtli.ch\/en\/author\/ruth\/\"}]}<\/script>\n<!-- \/ Yoast SEO plugin. -->","yoast_head_json":{"title":"Warum Steine? - Aaliechtli","robots":{"index":"index","follow":"follow","max-snippet":"max-snippet:-1","max-image-preview":"max-image-preview:large","max-video-preview":"max-video-preview:-1"},"canonical":"https:\/\/aaliechtli.ch\/en\/januar-2017\/","og_locale":"en_US","og_type":"article","og_title":"Warum Steine? - Aaliechtli","og_description":"Schon als Kinder waren wir fasziniert von Steinen. Nat\u00fcrlich beschr\u00e4nkten sich unsere Kostbarkeiten auf Steine, die wir auf unseren Wanderungen und Spazierg\u00e4ngen gefunden hatten. Erst mit der Zeit lernten wir [&hellip;]","og_url":"https:\/\/aaliechtli.ch\/en\/januar-2017\/","og_site_name":"Aaliechtli","article_published_time":"2003-03-02T12:30:08+00:00","article_modified_time":"2018-02-13T17:13:09+00:00","og_image":[{"width":1280,"height":720,"url":"https:\/\/aaliechtli.ch\/wp-content\/uploads\/2017\/03\/water-wet-river-nature-60685-2.jpeg","type":"image\/jpeg"}],"author":"Hugo Dias","twitter_card":"summary_large_image","twitter_misc":{"Written by":"Hugo Dias","Est. reading time":"2 minutes"},"schema":{"@context":"https:\/\/schema.org","@graph":[{"@type":"Article","@id":"https:\/\/aaliechtli.ch\/en\/januar-2017\/#article","isPartOf":{"@id":"https:\/\/aaliechtli.ch\/en\/januar-2017\/"},"author":{"name":"Hugo Dias","@id":"https:\/\/aaliechtli.ch\/#\/schema\/person\/21572136b784a6ad9e664e0b09c4b6f3"},"headline":"Warum Steine?","datePublished":"2003-03-02T12:30:08+00:00","dateModified":"2018-02-13T17:13:09+00:00","mainEntityOfPage":{"@id":"https:\/\/aaliechtli.ch\/en\/januar-2017\/"},"wordCount":329,"publisher":{"@id":"https:\/\/aaliechtli.ch\/#organization"},"image":{"@id":"https:\/\/aaliechtli.ch\/en\/januar-2017\/#primaryimage"},"thumbnailUrl":"https:\/\/aaliechtli.ch\/wp-content\/uploads\/2017\/03\/water-wet-river-nature-60685-2.jpeg","articleSection":["Geschichte aaliechtli"],"inLanguage":"en-US"},{"@type":"WebPage","@id":"https:\/\/aaliechtli.ch\/en\/januar-2017\/","url":"https:\/\/aaliechtli.ch\/en\/januar-2017\/","name":"Warum Steine? - Aaliechtli","isPartOf":{"@id":"https:\/\/aaliechtli.ch\/#website"},"primaryImageOfPage":{"@id":"https:\/\/aaliechtli.ch\/en\/januar-2017\/#primaryimage"},"image":{"@id":"https:\/\/aaliechtli.ch\/en\/januar-2017\/#primaryimage"},"thumbnailUrl":"https:\/\/aaliechtli.ch\/wp-content\/uploads\/2017\/03\/water-wet-river-nature-60685-2.jpeg","datePublished":"2003-03-02T12:30:08+00:00","dateModified":"2018-02-13T17:13:09+00:00","breadcrumb":{"@id":"https:\/\/aaliechtli.ch\/en\/januar-2017\/#breadcrumb"},"inLanguage":"en-US","potentialAction":[{"@type":"ReadAction","target":["https:\/\/aaliechtli.ch\/en\/januar-2017\/"]}]},{"@type":"ImageObject","inLanguage":"en-US","@id":"https:\/\/aaliechtli.ch\/en\/januar-2017\/#primaryimage","url":"https:\/\/aaliechtli.ch\/wp-content\/uploads\/2017\/03\/water-wet-river-nature-60685-2.jpeg","contentUrl":"https:\/\/aaliechtli.ch\/wp-content\/uploads\/2017\/03\/water-wet-river-nature-60685-2.jpeg","width":1280,"height":720},{"@type":"BreadcrumbList","@id":"https:\/\/aaliechtli.ch\/en\/januar-2017\/#breadcrumb","itemListElement":[{"@type":"ListItem","position":1,"name":"Home","item":"https:\/\/aaliechtli.ch\/"},{"@type":"ListItem","position":2,"name":"Warum Steine?"}]},{"@type":"WebSite","@id":"https:\/\/aaliechtli.ch\/#website","url":"https:\/\/aaliechtli.ch\/","name":"Aaliechtli","description":"","publisher":{"@id":"https:\/\/aaliechtli.ch\/#organization"},"potentialAction":[{"@type":"SearchAction","target":{"@type":"EntryPoint","urlTemplate":"https:\/\/aaliechtli.ch\/?s={search_term_string}"},"query-input":{"@type":"PropertyValueSpecification","valueRequired":true,"valueName":"search_term_string"}}],"inLanguage":"en-US"},{"@type":"Organization","@id":"https:\/\/aaliechtli.ch\/#organization","name":"Aaliechtli","url":"https:\/\/aaliechtli.ch\/","logo":{"@type":"ImageObject","inLanguage":"en-US","@id":"https:\/\/aaliechtli.ch\/#\/schema\/logo\/image\/","url":"https:\/\/aaliechtli.ch\/wp-content\/uploads\/2016\/11\/cropped-logo-aaliechtli-7.png","contentUrl":"https:\/\/aaliechtli.ch\/wp-content\/uploads\/2016\/11\/cropped-logo-aaliechtli-7.png","width":375,"height":110,"caption":"Aaliechtli"},"image":{"@id":"https:\/\/aaliechtli.ch\/#\/schema\/logo\/image\/"}},{"@type":"Person","@id":"https:\/\/aaliechtli.ch\/#\/schema\/person\/21572136b784a6ad9e664e0b09c4b6f3","name":"Hugo Dias","url":"https:\/\/aaliechtli.ch\/en\/author\/ruth\/"}]}},"_links":{"self":[{"href":"https:\/\/aaliechtli.ch\/en\/wp-json\/wp\/v2\/posts\/1572","targetHints":{"allow":["GET"]}}],"collection":[{"href":"https:\/\/aaliechtli.ch\/en\/wp-json\/wp\/v2\/posts"}],"about":[{"href":"https:\/\/aaliechtli.ch\/en\/wp-json\/wp\/v2\/types\/post"}],"author":[{"embeddable":true,"href":"https:\/\/aaliechtli.ch\/en\/wp-json\/wp\/v2\/users\/3"}],"replies":[{"embeddable":true,"href":"https:\/\/aaliechtli.ch\/en\/wp-json\/wp\/v2\/comments?post=1572"}],"version-history":[{"count":6,"href":"https:\/\/aaliechtli.ch\/en\/wp-json\/wp\/v2\/posts\/1572\/revisions"}],"predecessor-version":[{"id":3285,"href":"https:\/\/aaliechtli.ch\/en\/wp-json\/wp\/v2\/posts\/1572\/revisions\/3285"}],"wp:featuredmedia":[{"embeddable":true,"href":"https:\/\/aaliechtli.ch\/en\/wp-json\/wp\/v2\/media\/1587"}],"wp:attachment":[{"href":"https:\/\/aaliechtli.ch\/en\/wp-json\/wp\/v2\/media?parent=1572"}],"wp:term":[{"taxonomy":"category","embeddable":true,"href":"https:\/\/aaliechtli.ch\/en\/wp-json\/wp\/v2\/categories?post=1572"},{"taxonomy":"post_tag","embeddable":true,"href":"https:\/\/aaliechtli.ch\/en\/wp-json\/wp\/v2\/tags?post=1572"}],"curies":[{"name":"wp","href":"https:\/\/api.w.org\/{rel}","templated":true}]}}