{"id":1588,"date":"2002-03-06T10:41:16","date_gmt":"2002-03-06T10:41:16","guid":{"rendered":"http:\/\/aaliechtli.ch?p=1588"},"modified":"2018-02-13T16:42:59","modified_gmt":"2018-02-13T16:42:59","slug":"2002-2012-unsere-geschichte","status":"publish","type":"post","link":"https:\/\/aaliechtli.ch\/en\/2002-2012-unsere-geschichte\/","title":{"rendered":"2002 &#8211; 2006 Unsere Geschichte"},"content":{"rendered":"<p>2002 haben wir das Gesch\u00e4ft &#8220;zo de platte AG&#8221; an der Hauptgasse 27 \u00fcbernommen und wollten es im urspr\u00fcnglichen Sinn weiter f\u00fchren. Bald merkten wir, dass wir grundlegend etwas \u00e4ndern m\u00fcssen um zu \u00fcberleben. So hatten wir 2004 die Idee, im Untergeschoss einen Ausstellungs- und Verkaufsraum f\u00fcr regionale Kunsthandwerker einzurichten. Wir nahmen mit verschiedenen Kunsthandwerkern Kontakt auf, welche ihre Artikel dann bei uns zum Kauf anboten. Da trotz aller Bem\u00fchungen die Unkosten weiter zu hoch waren, haben wir 2006 beschlossen das Gesch\u00e4ft zu verkleinern und mit Mineralien und Heilsteinen eine vollkommen neue Richtung einzuschlagen.<\/p>\n<p>Drei von unseren K\u00fcnstlern Kunsthandwerkern behalten wir fortan als Lieferanten:<\/p>\n<p>Lilly Langenegger<\/p>\n<p>Die Malerin mit Liebe zum Detail wird uns die Treue halten: Sie ist nach wie vor jeden ersten und dritten Freitag Nachmittag im Monat bei uns im Gesch\u00e4ft anzutreffen. Sie k\u00f6nnen ihr beim Malen \u00fcber die Schulter schauen, ein Buch signieren lassen oder mit ihr ein Plauderst\u00fcndchen halten. Ihre Produkte wie B\u00fccher, Puzzles und Karten werden wir ganzj\u00e4hrig im Angebot haben.<\/p>\n<p>Brigitte Werz<\/p>\n<p>Die T\u00f6pferin wird uns ganzj\u00e4hrig mit ihren beliebten, farbenfrohen Engeln beliefern. \u00dcber die Osterzeit stellen wir auch ihre handmodellierten H\u00fchner aus. Lassen Sie sich von der Vielfalt \u00fcberraschen und schauen Sie herein: es lohnt sich!<\/p>\n<p>Sie haben Lust, selber mit Ton zu modellieren? Brigitte ist eine exzellente Lehrerin. Daten finden Sie hier: www.ton-tiff.ch<\/p>\n<p>Rolf Br\u00fchlmann<\/p>\n<p>Da wir den Namen unseres Gesch\u00e4ftes umbenennen in Aaliechtli AG, werden wir in Zukunft auch Aaliechtli im Angebot haben. Mit Rolf Br\u00fchlmann haben wir einen ausserordentlichen Glasbl\u00e4ser kennen und sch\u00e4tzen gelernt, der in Zukunft unsere Aaliechtli-Sch\u00e4lleli fertigen wird.<\/p>\n<p>Ihr Aaliechtli-Team<\/p>\n","protected":false},"excerpt":{"rendered":"<p>2002 haben wir das Gesch\u00e4ft &#8220;zo de platte AG&#8221; an der Hauptgasse 27 \u00fcbernommen und wollten es im urspr\u00fcnglichen Sinn weiter f\u00fchren. Bald merkten wir, dass wir grundlegend etwas \u00e4ndern [&hellip;]<\/p>\n","protected":false},"author":3,"featured_media":0,"comment_status":"closed","ping_status":"closed","sticky":false,"template":"","format":"standard","meta":{"footnotes":""},"categories":[35,72],"tags":[],"class_list":["post-1588","post","type-post","status-publish","format-standard","hentry","category-geschichte","category-geschichte-aaliechtli"],"yoast_head":"<!-- This site is optimized with the Yoast SEO plugin v23.6 - https:\/\/yoast.com\/wordpress\/plugins\/seo\/ -->\n<title>2002 - 2006 Unsere Geschichte - Aaliechtli<\/title>\n<meta name=\"robots\" content=\"index, follow, max-snippet:-1, max-image-preview:large, max-video-preview:-1\" \/>\n<link rel=\"canonical\" href=\"https:\/\/aaliechtli.ch\/es\/2002-2012-unsere-geschichte\/\" \/>\n<meta property=\"og:locale\" content=\"en_US\" \/>\n<meta property=\"og:type\" content=\"article\" \/>\n<meta property=\"og:title\" content=\"2002 - 2006 Unsere Geschichte - Aaliechtli\" \/>\n<meta property=\"og:description\" content=\"2002 haben wir das Gesch\u00e4ft &#8220;zo de platte AG&#8221; an der Hauptgasse 27 \u00fcbernommen und wollten es im urspr\u00fcnglichen Sinn weiter f\u00fchren. Bald merkten wir, dass wir grundlegend etwas \u00e4ndern [&hellip;]\" \/>\n<meta property=\"og:url\" content=\"https:\/\/aaliechtli.ch\/es\/2002-2012-unsere-geschichte\/\" \/>\n<meta property=\"og:site_name\" content=\"Aaliechtli\" \/>\n<meta property=\"article:published_time\" content=\"2002-03-06T10:41:16+00:00\" \/>\n<meta property=\"article:modified_time\" content=\"2018-02-13T16:42:59+00:00\" \/>\n<meta name=\"author\" content=\"Hugo Dias\" \/>\n<meta name=\"twitter:card\" content=\"summary_large_image\" \/>\n<meta name=\"twitter:label1\" content=\"Written by\" \/>\n\t<meta name=\"twitter:data1\" content=\"Hugo Dias\" \/>\n\t<meta name=\"twitter:label2\" content=\"Est. reading time\" \/>\n\t<meta name=\"twitter:data2\" content=\"1 minute\" \/>\n<script type=\"application\/ld+json\" class=\"yoast-schema-graph\">{\"@context\":\"https:\/\/schema.org\",\"@graph\":[{\"@type\":\"Article\",\"@id\":\"https:\/\/aaliechtli.ch\/es\/2002-2012-unsere-geschichte\/#article\",\"isPartOf\":{\"@id\":\"https:\/\/aaliechtli.ch\/es\/2002-2012-unsere-geschichte\/\"},\"author\":{\"name\":\"Hugo Dias\",\"@id\":\"https:\/\/aaliechtli.ch\/#\/schema\/person\/21572136b784a6ad9e664e0b09c4b6f3\"},\"headline\":\"2002 &#8211; 2006 Unsere Geschichte\",\"datePublished\":\"2002-03-06T10:41:16+00:00\",\"dateModified\":\"2018-02-13T16:42:59+00:00\",\"mainEntityOfPage\":{\"@id\":\"https:\/\/aaliechtli.ch\/es\/2002-2012-unsere-geschichte\/\"},\"wordCount\":287,\"publisher\":{\"@id\":\"https:\/\/aaliechtli.ch\/#organization\"},\"articleSection\":[\"Geschichte\",\"Geschichte aaliechtli\"],\"inLanguage\":\"en-US\"},{\"@type\":\"WebPage\",\"@id\":\"https:\/\/aaliechtli.ch\/es\/2002-2012-unsere-geschichte\/\",\"url\":\"https:\/\/aaliechtli.ch\/es\/2002-2012-unsere-geschichte\/\",\"name\":\"2002 - 2006 Unsere Geschichte - Aaliechtli\",\"isPartOf\":{\"@id\":\"https:\/\/aaliechtli.ch\/#website\"},\"datePublished\":\"2002-03-06T10:41:16+00:00\",\"dateModified\":\"2018-02-13T16:42:59+00:00\",\"breadcrumb\":{\"@id\":\"https:\/\/aaliechtli.ch\/es\/2002-2012-unsere-geschichte\/#breadcrumb\"},\"inLanguage\":\"en-US\",\"potentialAction\":[{\"@type\":\"ReadAction\",\"target\":[\"https:\/\/aaliechtli.ch\/es\/2002-2012-unsere-geschichte\/\"]}]},{\"@type\":\"BreadcrumbList\",\"@id\":\"https:\/\/aaliechtli.ch\/es\/2002-2012-unsere-geschichte\/#breadcrumb\",\"itemListElement\":[{\"@type\":\"ListItem\",\"position\":1,\"name\":\"Home\",\"item\":\"https:\/\/aaliechtli.ch\/\"},{\"@type\":\"ListItem\",\"position\":2,\"name\":\"2002 &#8211; 2006 Unsere Geschichte\"}]},{\"@type\":\"WebSite\",\"@id\":\"https:\/\/aaliechtli.ch\/#website\",\"url\":\"https:\/\/aaliechtli.ch\/\",\"name\":\"Aaliechtli\",\"description\":\"\",\"publisher\":{\"@id\":\"https:\/\/aaliechtli.ch\/#organization\"},\"potentialAction\":[{\"@type\":\"SearchAction\",\"target\":{\"@type\":\"EntryPoint\",\"urlTemplate\":\"https:\/\/aaliechtli.ch\/?s={search_term_string}\"},\"query-input\":{\"@type\":\"PropertyValueSpecification\",\"valueRequired\":true,\"valueName\":\"search_term_string\"}}],\"inLanguage\":\"en-US\"},{\"@type\":\"Organization\",\"@id\":\"https:\/\/aaliechtli.ch\/#organization\",\"name\":\"Aaliechtli\",\"url\":\"https:\/\/aaliechtli.ch\/\",\"logo\":{\"@type\":\"ImageObject\",\"inLanguage\":\"en-US\",\"@id\":\"https:\/\/aaliechtli.ch\/#\/schema\/logo\/image\/\",\"url\":\"https:\/\/aaliechtli.ch\/wp-content\/uploads\/2016\/11\/cropped-logo-aaliechtli-7.png\",\"contentUrl\":\"https:\/\/aaliechtli.ch\/wp-content\/uploads\/2016\/11\/cropped-logo-aaliechtli-7.png\",\"width\":375,\"height\":110,\"caption\":\"Aaliechtli\"},\"image\":{\"@id\":\"https:\/\/aaliechtli.ch\/#\/schema\/logo\/image\/\"}},{\"@type\":\"Person\",\"@id\":\"https:\/\/aaliechtli.ch\/#\/schema\/person\/21572136b784a6ad9e664e0b09c4b6f3\",\"name\":\"Hugo Dias\",\"url\":\"https:\/\/aaliechtli.ch\/en\/author\/ruth\/\"}]}<\/script>\n<!-- \/ Yoast SEO plugin. -->","yoast_head_json":{"title":"2002 - 2006 Unsere Geschichte - Aaliechtli","robots":{"index":"index","follow":"follow","max-snippet":"max-snippet:-1","max-image-preview":"max-image-preview:large","max-video-preview":"max-video-preview:-1"},"canonical":"https:\/\/aaliechtli.ch\/es\/2002-2012-unsere-geschichte\/","og_locale":"en_US","og_type":"article","og_title":"2002 - 2006 Unsere Geschichte - Aaliechtli","og_description":"2002 haben wir das Gesch\u00e4ft &#8220;zo de platte AG&#8221; an der Hauptgasse 27 \u00fcbernommen und wollten es im urspr\u00fcnglichen Sinn weiter f\u00fchren. Bald merkten wir, dass wir grundlegend etwas \u00e4ndern [&hellip;]","og_url":"https:\/\/aaliechtli.ch\/es\/2002-2012-unsere-geschichte\/","og_site_name":"Aaliechtli","article_published_time":"2002-03-06T10:41:16+00:00","article_modified_time":"2018-02-13T16:42:59+00:00","author":"Hugo Dias","twitter_card":"summary_large_image","twitter_misc":{"Written by":"Hugo Dias","Est. reading time":"1 minute"},"schema":{"@context":"https:\/\/schema.org","@graph":[{"@type":"Article","@id":"https:\/\/aaliechtli.ch\/es\/2002-2012-unsere-geschichte\/#article","isPartOf":{"@id":"https:\/\/aaliechtli.ch\/es\/2002-2012-unsere-geschichte\/"},"author":{"name":"Hugo Dias","@id":"https:\/\/aaliechtli.ch\/#\/schema\/person\/21572136b784a6ad9e664e0b09c4b6f3"},"headline":"2002 &#8211; 2006 Unsere Geschichte","datePublished":"2002-03-06T10:41:16+00:00","dateModified":"2018-02-13T16:42:59+00:00","mainEntityOfPage":{"@id":"https:\/\/aaliechtli.ch\/es\/2002-2012-unsere-geschichte\/"},"wordCount":287,"publisher":{"@id":"https:\/\/aaliechtli.ch\/#organization"},"articleSection":["Geschichte","Geschichte aaliechtli"],"inLanguage":"en-US"},{"@type":"WebPage","@id":"https:\/\/aaliechtli.ch\/es\/2002-2012-unsere-geschichte\/","url":"https:\/\/aaliechtli.ch\/es\/2002-2012-unsere-geschichte\/","name":"2002 - 2006 Unsere Geschichte - Aaliechtli","isPartOf":{"@id":"https:\/\/aaliechtli.ch\/#website"},"datePublished":"2002-03-06T10:41:16+00:00","dateModified":"2018-02-13T16:42:59+00:00","breadcrumb":{"@id":"https:\/\/aaliechtli.ch\/es\/2002-2012-unsere-geschichte\/#breadcrumb"},"inLanguage":"en-US","potentialAction":[{"@type":"ReadAction","target":["https:\/\/aaliechtli.ch\/es\/2002-2012-unsere-geschichte\/"]}]},{"@type":"BreadcrumbList","@id":"https:\/\/aaliechtli.ch\/es\/2002-2012-unsere-geschichte\/#breadcrumb","itemListElement":[{"@type":"ListItem","position":1,"name":"Home","item":"https:\/\/aaliechtli.ch\/"},{"@type":"ListItem","position":2,"name":"2002 &#8211; 2006 Unsere Geschichte"}]},{"@type":"WebSite","@id":"https:\/\/aaliechtli.ch\/#website","url":"https:\/\/aaliechtli.ch\/","name":"Aaliechtli","description":"","publisher":{"@id":"https:\/\/aaliechtli.ch\/#organization"},"potentialAction":[{"@type":"SearchAction","target":{"@type":"EntryPoint","urlTemplate":"https:\/\/aaliechtli.ch\/?s={search_term_string}"},"query-input":{"@type":"PropertyValueSpecification","valueRequired":true,"valueName":"search_term_string"}}],"inLanguage":"en-US"},{"@type":"Organization","@id":"https:\/\/aaliechtli.ch\/#organization","name":"Aaliechtli","url":"https:\/\/aaliechtli.ch\/","logo":{"@type":"ImageObject","inLanguage":"en-US","@id":"https:\/\/aaliechtli.ch\/#\/schema\/logo\/image\/","url":"https:\/\/aaliechtli.ch\/wp-content\/uploads\/2016\/11\/cropped-logo-aaliechtli-7.png","contentUrl":"https:\/\/aaliechtli.ch\/wp-content\/uploads\/2016\/11\/cropped-logo-aaliechtli-7.png","width":375,"height":110,"caption":"Aaliechtli"},"image":{"@id":"https:\/\/aaliechtli.ch\/#\/schema\/logo\/image\/"}},{"@type":"Person","@id":"https:\/\/aaliechtli.ch\/#\/schema\/person\/21572136b784a6ad9e664e0b09c4b6f3","name":"Hugo Dias","url":"https:\/\/aaliechtli.ch\/en\/author\/ruth\/"}]}},"_links":{"self":[{"href":"https:\/\/aaliechtli.ch\/en\/wp-json\/wp\/v2\/posts\/1588","targetHints":{"allow":["GET"]}}],"collection":[{"href":"https:\/\/aaliechtli.ch\/en\/wp-json\/wp\/v2\/posts"}],"about":[{"href":"https:\/\/aaliechtli.ch\/en\/wp-json\/wp\/v2\/types\/post"}],"author":[{"embeddable":true,"href":"https:\/\/aaliechtli.ch\/en\/wp-json\/wp\/v2\/users\/3"}],"replies":[{"embeddable":true,"href":"https:\/\/aaliechtli.ch\/en\/wp-json\/wp\/v2\/comments?post=1588"}],"version-history":[{"count":4,"href":"https:\/\/aaliechtli.ch\/en\/wp-json\/wp\/v2\/posts\/1588\/revisions"}],"predecessor-version":[{"id":3280,"href":"https:\/\/aaliechtli.ch\/en\/wp-json\/wp\/v2\/posts\/1588\/revisions\/3280"}],"wp:attachment":[{"href":"https:\/\/aaliechtli.ch\/en\/wp-json\/wp\/v2\/media?parent=1588"}],"wp:term":[{"taxonomy":"category","embeddable":true,"href":"https:\/\/aaliechtli.ch\/en\/wp-json\/wp\/v2\/categories?post=1588"},{"taxonomy":"post_tag","embeddable":true,"href":"https:\/\/aaliechtli.ch\/en\/wp-json\/wp\/v2\/tags?post=1588"}],"curies":[{"name":"wp","href":"https:\/\/api.w.org\/{rel}","templated":true}]}}