{"id":1590,"date":"2012-03-06T10:43:37","date_gmt":"2012-03-06T10:43:37","guid":{"rendered":"http:\/\/aaliechtli.ch?p=1590"},"modified":"2018-02-13T16:53:11","modified_gmt":"2018-02-13T16:53:11","slug":"2012-umzug-die-marktgasse-sternenplatz","status":"publish","type":"post","link":"https:\/\/aaliechtli.ch\/en\/2012-umzug-die-marktgasse-sternenplatz\/","title":{"rendered":"2012 Umzug in die Marktgasse 7 &#8220;am Sternenplatz&#8221;"},"content":{"rendered":"<p>Nachdem wir f\u00fcr unser Gesch\u00e4ft an der Hauptgasse 27 vor zwei Jahren die K\u00fcndigung erhielten, haben wir krampfhaft nach einer neuen Bleibe gesucht. Dank gl\u00fccklicher Umst\u00e4nde, ja man kann wirklich von &#8220;F\u00fcgung&#8221; sprechen, er\u00f6ffneten wir am 6. Oktober 2012 unser Gesch\u00e4ft in der Marktgasse 7, im Parterre vom Restaurant Traube in Appenzell.<\/p>\n<p>An dieser Stelle bedanken wir uns recht herzlich beim Claro Team, dass sie ihr Gesch\u00e4ft fr\u00fcher als geplant geschlossen haben. Dies erm\u00f6glichte uns unseren Laden l\u00fcckenlos weiter zu f\u00fchren.<\/p>\n","protected":false},"excerpt":{"rendered":"<p>Nachdem wir f\u00fcr unser Gesch\u00e4ft an der Hauptgasse 27 vor zwei Jahren die K\u00fcndigung erhielten, haben wir krampfhaft nach einer neuen Bleibe gesucht. Dank gl\u00fccklicher Umst\u00e4nde, ja man kann wirklich [&hellip;]<\/p>\n","protected":false},"author":3,"featured_media":1591,"comment_status":"closed","ping_status":"closed","sticky":false,"template":"","format":"standard","meta":{"footnotes":""},"categories":[72],"tags":[],"class_list":["post-1590","post","type-post","status-publish","format-standard","has-post-thumbnail","hentry","category-geschichte-aaliechtli"],"yoast_head":"<!-- This site is optimized with the Yoast SEO plugin v23.6 - https:\/\/yoast.com\/wordpress\/plugins\/seo\/ -->\n<title>2012 Umzug in die Marktgasse 7 &quot;am Sternenplatz&quot; - Aaliechtli<\/title>\n<meta name=\"robots\" content=\"index, follow, max-snippet:-1, max-image-preview:large, max-video-preview:-1\" \/>\n<link rel=\"canonical\" href=\"https:\/\/aaliechtli.ch\/es\/2012-umzug-die-marktgasse-sternenplatz\/\" \/>\n<meta property=\"og:locale\" content=\"en_US\" \/>\n<meta property=\"og:type\" content=\"article\" \/>\n<meta property=\"og:title\" content=\"2012 Umzug in die Marktgasse 7 &quot;am Sternenplatz&quot; - Aaliechtli\" \/>\n<meta property=\"og:description\" content=\"Nachdem wir f\u00fcr unser Gesch\u00e4ft an der Hauptgasse 27 vor zwei Jahren die K\u00fcndigung erhielten, haben wir krampfhaft nach einer neuen Bleibe gesucht. Dank gl\u00fccklicher Umst\u00e4nde, ja man kann wirklich [&hellip;]\" \/>\n<meta property=\"og:url\" content=\"https:\/\/aaliechtli.ch\/es\/2012-umzug-die-marktgasse-sternenplatz\/\" \/>\n<meta property=\"og:site_name\" content=\"Aaliechtli\" \/>\n<meta property=\"article:published_time\" content=\"2012-03-06T10:43:37+00:00\" \/>\n<meta property=\"article:modified_time\" content=\"2018-02-13T16:53:11+00:00\" \/>\n<meta property=\"og:image\" content=\"https:\/\/aaliechtli.ch\/wp-content\/uploads\/2017\/03\/Gesch\u00e4ft-offen-scaled.jpg\" \/>\n\t<meta property=\"og:image:width\" content=\"2560\" \/>\n\t<meta property=\"og:image:height\" content=\"1707\" \/>\n\t<meta property=\"og:image:type\" content=\"image\/jpeg\" \/>\n<meta name=\"author\" content=\"Hugo Dias\" \/>\n<meta name=\"twitter:card\" content=\"summary_large_image\" \/>\n<meta name=\"twitter:label1\" content=\"Written by\" \/>\n\t<meta name=\"twitter:data1\" content=\"Hugo Dias\" \/>\n<script type=\"application\/ld+json\" class=\"yoast-schema-graph\">{\"@context\":\"https:\/\/schema.org\",\"@graph\":[{\"@type\":\"Article\",\"@id\":\"https:\/\/aaliechtli.ch\/es\/2012-umzug-die-marktgasse-sternenplatz\/#article\",\"isPartOf\":{\"@id\":\"https:\/\/aaliechtli.ch\/es\/2012-umzug-die-marktgasse-sternenplatz\/\"},\"author\":{\"name\":\"Hugo Dias\",\"@id\":\"https:\/\/aaliechtli.ch\/#\/schema\/person\/21572136b784a6ad9e664e0b09c4b6f3\"},\"headline\":\"2012 Umzug in die Marktgasse 7 &#8220;am Sternenplatz&#8221;\",\"datePublished\":\"2012-03-06T10:43:37+00:00\",\"dateModified\":\"2018-02-13T16:53:11+00:00\",\"mainEntityOfPage\":{\"@id\":\"https:\/\/aaliechtli.ch\/es\/2012-umzug-die-marktgasse-sternenplatz\/\"},\"wordCount\":96,\"publisher\":{\"@id\":\"https:\/\/aaliechtli.ch\/#organization\"},\"image\":{\"@id\":\"https:\/\/aaliechtli.ch\/es\/2012-umzug-die-marktgasse-sternenplatz\/#primaryimage\"},\"thumbnailUrl\":\"https:\/\/aaliechtli.ch\/wp-content\/uploads\/2017\/03\/Gesch\u00e4ft-offen-scaled.jpg\",\"articleSection\":[\"Geschichte aaliechtli\"],\"inLanguage\":\"en-US\"},{\"@type\":\"WebPage\",\"@id\":\"https:\/\/aaliechtli.ch\/es\/2012-umzug-die-marktgasse-sternenplatz\/\",\"url\":\"https:\/\/aaliechtli.ch\/es\/2012-umzug-die-marktgasse-sternenplatz\/\",\"name\":\"2012 Umzug in die Marktgasse 7 \\\"am Sternenplatz\\\" - Aaliechtli\",\"isPartOf\":{\"@id\":\"https:\/\/aaliechtli.ch\/#website\"},\"primaryImageOfPage\":{\"@id\":\"https:\/\/aaliechtli.ch\/es\/2012-umzug-die-marktgasse-sternenplatz\/#primaryimage\"},\"image\":{\"@id\":\"https:\/\/aaliechtli.ch\/es\/2012-umzug-die-marktgasse-sternenplatz\/#primaryimage\"},\"thumbnailUrl\":\"https:\/\/aaliechtli.ch\/wp-content\/uploads\/2017\/03\/Gesch\u00e4ft-offen-scaled.jpg\",\"datePublished\":\"2012-03-06T10:43:37+00:00\",\"dateModified\":\"2018-02-13T16:53:11+00:00\",\"breadcrumb\":{\"@id\":\"https:\/\/aaliechtli.ch\/es\/2012-umzug-die-marktgasse-sternenplatz\/#breadcrumb\"},\"inLanguage\":\"en-US\",\"potentialAction\":[{\"@type\":\"ReadAction\",\"target\":[\"https:\/\/aaliechtli.ch\/es\/2012-umzug-die-marktgasse-sternenplatz\/\"]}]},{\"@type\":\"ImageObject\",\"inLanguage\":\"en-US\",\"@id\":\"https:\/\/aaliechtli.ch\/es\/2012-umzug-die-marktgasse-sternenplatz\/#primaryimage\",\"url\":\"https:\/\/aaliechtli.ch\/wp-content\/uploads\/2017\/03\/Gesch\u00e4ft-offen-scaled.jpg\",\"contentUrl\":\"https:\/\/aaliechtli.ch\/wp-content\/uploads\/2017\/03\/Gesch\u00e4ft-offen-scaled.jpg\",\"width\":2560,\"height\":1707},{\"@type\":\"BreadcrumbList\",\"@id\":\"https:\/\/aaliechtli.ch\/es\/2012-umzug-die-marktgasse-sternenplatz\/#breadcrumb\",\"itemListElement\":[{\"@type\":\"ListItem\",\"position\":1,\"name\":\"Home\",\"item\":\"https:\/\/aaliechtli.ch\/\"},{\"@type\":\"ListItem\",\"position\":2,\"name\":\"2012 Umzug in die Marktgasse 7 \u00abam Sternenplatz\u00bb\"}]},{\"@type\":\"WebSite\",\"@id\":\"https:\/\/aaliechtli.ch\/#website\",\"url\":\"https:\/\/aaliechtli.ch\/\",\"name\":\"Aaliechtli\",\"description\":\"\",\"publisher\":{\"@id\":\"https:\/\/aaliechtli.ch\/#organization\"},\"potentialAction\":[{\"@type\":\"SearchAction\",\"target\":{\"@type\":\"EntryPoint\",\"urlTemplate\":\"https:\/\/aaliechtli.ch\/?s={search_term_string}\"},\"query-input\":{\"@type\":\"PropertyValueSpecification\",\"valueRequired\":true,\"valueName\":\"search_term_string\"}}],\"inLanguage\":\"en-US\"},{\"@type\":\"Organization\",\"@id\":\"https:\/\/aaliechtli.ch\/#organization\",\"name\":\"Aaliechtli\",\"url\":\"https:\/\/aaliechtli.ch\/\",\"logo\":{\"@type\":\"ImageObject\",\"inLanguage\":\"en-US\",\"@id\":\"https:\/\/aaliechtli.ch\/#\/schema\/logo\/image\/\",\"url\":\"https:\/\/aaliechtli.ch\/wp-content\/uploads\/2016\/11\/cropped-logo-aaliechtli-7.png\",\"contentUrl\":\"https:\/\/aaliechtli.ch\/wp-content\/uploads\/2016\/11\/cropped-logo-aaliechtli-7.png\",\"width\":375,\"height\":110,\"caption\":\"Aaliechtli\"},\"image\":{\"@id\":\"https:\/\/aaliechtli.ch\/#\/schema\/logo\/image\/\"}},{\"@type\":\"Person\",\"@id\":\"https:\/\/aaliechtli.ch\/#\/schema\/person\/21572136b784a6ad9e664e0b09c4b6f3\",\"name\":\"Hugo Dias\",\"url\":\"https:\/\/aaliechtli.ch\/en\/author\/ruth\/\"}]}<\/script>\n<!-- \/ Yoast SEO plugin. -->","yoast_head_json":{"title":"2012 Umzug in die Marktgasse 7 \"am Sternenplatz\" - Aaliechtli","robots":{"index":"index","follow":"follow","max-snippet":"max-snippet:-1","max-image-preview":"max-image-preview:large","max-video-preview":"max-video-preview:-1"},"canonical":"https:\/\/aaliechtli.ch\/es\/2012-umzug-die-marktgasse-sternenplatz\/","og_locale":"en_US","og_type":"article","og_title":"2012 Umzug in die Marktgasse 7 \"am Sternenplatz\" - Aaliechtli","og_description":"Nachdem wir f\u00fcr unser Gesch\u00e4ft an der Hauptgasse 27 vor zwei Jahren die K\u00fcndigung erhielten, haben wir krampfhaft nach einer neuen Bleibe gesucht. Dank gl\u00fccklicher Umst\u00e4nde, ja man kann wirklich [&hellip;]","og_url":"https:\/\/aaliechtli.ch\/es\/2012-umzug-die-marktgasse-sternenplatz\/","og_site_name":"Aaliechtli","article_published_time":"2012-03-06T10:43:37+00:00","article_modified_time":"2018-02-13T16:53:11+00:00","og_image":[{"width":2560,"height":1707,"url":"https:\/\/aaliechtli.ch\/wp-content\/uploads\/2017\/03\/Gesch\u00e4ft-offen-scaled.jpg","type":"image\/jpeg"}],"author":"Hugo Dias","twitter_card":"summary_large_image","twitter_misc":{"Written by":"Hugo Dias"},"schema":{"@context":"https:\/\/schema.org","@graph":[{"@type":"Article","@id":"https:\/\/aaliechtli.ch\/es\/2012-umzug-die-marktgasse-sternenplatz\/#article","isPartOf":{"@id":"https:\/\/aaliechtli.ch\/es\/2012-umzug-die-marktgasse-sternenplatz\/"},"author":{"name":"Hugo Dias","@id":"https:\/\/aaliechtli.ch\/#\/schema\/person\/21572136b784a6ad9e664e0b09c4b6f3"},"headline":"2012 Umzug in die Marktgasse 7 &#8220;am Sternenplatz&#8221;","datePublished":"2012-03-06T10:43:37+00:00","dateModified":"2018-02-13T16:53:11+00:00","mainEntityOfPage":{"@id":"https:\/\/aaliechtli.ch\/es\/2012-umzug-die-marktgasse-sternenplatz\/"},"wordCount":96,"publisher":{"@id":"https:\/\/aaliechtli.ch\/#organization"},"image":{"@id":"https:\/\/aaliechtli.ch\/es\/2012-umzug-die-marktgasse-sternenplatz\/#primaryimage"},"thumbnailUrl":"https:\/\/aaliechtli.ch\/wp-content\/uploads\/2017\/03\/Gesch\u00e4ft-offen-scaled.jpg","articleSection":["Geschichte aaliechtli"],"inLanguage":"en-US"},{"@type":"WebPage","@id":"https:\/\/aaliechtli.ch\/es\/2012-umzug-die-marktgasse-sternenplatz\/","url":"https:\/\/aaliechtli.ch\/es\/2012-umzug-die-marktgasse-sternenplatz\/","name":"2012 Umzug in die Marktgasse 7 \"am Sternenplatz\" - Aaliechtli","isPartOf":{"@id":"https:\/\/aaliechtli.ch\/#website"},"primaryImageOfPage":{"@id":"https:\/\/aaliechtli.ch\/es\/2012-umzug-die-marktgasse-sternenplatz\/#primaryimage"},"image":{"@id":"https:\/\/aaliechtli.ch\/es\/2012-umzug-die-marktgasse-sternenplatz\/#primaryimage"},"thumbnailUrl":"https:\/\/aaliechtli.ch\/wp-content\/uploads\/2017\/03\/Gesch\u00e4ft-offen-scaled.jpg","datePublished":"2012-03-06T10:43:37+00:00","dateModified":"2018-02-13T16:53:11+00:00","breadcrumb":{"@id":"https:\/\/aaliechtli.ch\/es\/2012-umzug-die-marktgasse-sternenplatz\/#breadcrumb"},"inLanguage":"en-US","potentialAction":[{"@type":"ReadAction","target":["https:\/\/aaliechtli.ch\/es\/2012-umzug-die-marktgasse-sternenplatz\/"]}]},{"@type":"ImageObject","inLanguage":"en-US","@id":"https:\/\/aaliechtli.ch\/es\/2012-umzug-die-marktgasse-sternenplatz\/#primaryimage","url":"https:\/\/aaliechtli.ch\/wp-content\/uploads\/2017\/03\/Gesch\u00e4ft-offen-scaled.jpg","contentUrl":"https:\/\/aaliechtli.ch\/wp-content\/uploads\/2017\/03\/Gesch\u00e4ft-offen-scaled.jpg","width":2560,"height":1707},{"@type":"BreadcrumbList","@id":"https:\/\/aaliechtli.ch\/es\/2012-umzug-die-marktgasse-sternenplatz\/#breadcrumb","itemListElement":[{"@type":"ListItem","position":1,"name":"Home","item":"https:\/\/aaliechtli.ch\/"},{"@type":"ListItem","position":2,"name":"2012 Umzug in die Marktgasse 7 \u00abam Sternenplatz\u00bb"}]},{"@type":"WebSite","@id":"https:\/\/aaliechtli.ch\/#website","url":"https:\/\/aaliechtli.ch\/","name":"Aaliechtli","description":"","publisher":{"@id":"https:\/\/aaliechtli.ch\/#organization"},"potentialAction":[{"@type":"SearchAction","target":{"@type":"EntryPoint","urlTemplate":"https:\/\/aaliechtli.ch\/?s={search_term_string}"},"query-input":{"@type":"PropertyValueSpecification","valueRequired":true,"valueName":"search_term_string"}}],"inLanguage":"en-US"},{"@type":"Organization","@id":"https:\/\/aaliechtli.ch\/#organization","name":"Aaliechtli","url":"https:\/\/aaliechtli.ch\/","logo":{"@type":"ImageObject","inLanguage":"en-US","@id":"https:\/\/aaliechtli.ch\/#\/schema\/logo\/image\/","url":"https:\/\/aaliechtli.ch\/wp-content\/uploads\/2016\/11\/cropped-logo-aaliechtli-7.png","contentUrl":"https:\/\/aaliechtli.ch\/wp-content\/uploads\/2016\/11\/cropped-logo-aaliechtli-7.png","width":375,"height":110,"caption":"Aaliechtli"},"image":{"@id":"https:\/\/aaliechtli.ch\/#\/schema\/logo\/image\/"}},{"@type":"Person","@id":"https:\/\/aaliechtli.ch\/#\/schema\/person\/21572136b784a6ad9e664e0b09c4b6f3","name":"Hugo Dias","url":"https:\/\/aaliechtli.ch\/en\/author\/ruth\/"}]}},"_links":{"self":[{"href":"https:\/\/aaliechtli.ch\/en\/wp-json\/wp\/v2\/posts\/1590","targetHints":{"allow":["GET"]}}],"collection":[{"href":"https:\/\/aaliechtli.ch\/en\/wp-json\/wp\/v2\/posts"}],"about":[{"href":"https:\/\/aaliechtli.ch\/en\/wp-json\/wp\/v2\/types\/post"}],"author":[{"embeddable":true,"href":"https:\/\/aaliechtli.ch\/en\/wp-json\/wp\/v2\/users\/3"}],"replies":[{"embeddable":true,"href":"https:\/\/aaliechtli.ch\/en\/wp-json\/wp\/v2\/comments?post=1590"}],"version-history":[{"count":3,"href":"https:\/\/aaliechtli.ch\/en\/wp-json\/wp\/v2\/posts\/1590\/revisions"}],"predecessor-version":[{"id":3284,"href":"https:\/\/aaliechtli.ch\/en\/wp-json\/wp\/v2\/posts\/1590\/revisions\/3284"}],"wp:featuredmedia":[{"embeddable":true,"href":"https:\/\/aaliechtli.ch\/en\/wp-json\/wp\/v2\/media\/1591"}],"wp:attachment":[{"href":"https:\/\/aaliechtli.ch\/en\/wp-json\/wp\/v2\/media?parent=1590"}],"wp:term":[{"taxonomy":"category","embeddable":true,"href":"https:\/\/aaliechtli.ch\/en\/wp-json\/wp\/v2\/categories?post=1590"},{"taxonomy":"post_tag","embeddable":true,"href":"https:\/\/aaliechtli.ch\/en\/wp-json\/wp\/v2\/tags?post=1590"}],"curies":[{"name":"wp","href":"https:\/\/api.w.org\/{rel}","templated":true}]}}