{"id":179,"date":"2016-11-16T08:15:52","date_gmt":"2016-11-16T08:15:52","guid":{"rendered":"http:\/\/aaliechtli.ch\/?p=179"},"modified":"2016-11-16T09:20:01","modified_gmt":"2016-11-16T09:20:01","slug":"unsere-geschichte","status":"publish","type":"post","link":"https:\/\/aaliechtli.ch\/en\/unsere-geschichte\/","title":{"rendered":"Unsere Geschichte"},"content":{"rendered":"<div><strong>Aktuell:<\/strong><\/div>\n<div><\/div>\n<div>Aaliechtli AG ein 3-D Einkaufserlebnis in Appenzell<\/div>\n<div>Anl\u00e4sslich des 10-j\u00e4hrigen Jubil\u00e4ums vom Aaliechtli Steinladen hat sich die Inhaberin, Ruth Manser, eine grundlegende Ver\u00e4nderung gew\u00fcnscht. Sie wollte den Laden zu einem Einkaufserlebnis umwandeln und im hinteren Teil eine Kursecke einbauen. Die erste Bau-Etappe wurde im Januar in Angriff genommen: Dank Martin Fuchs, Kunstmaler, konnte eine gem\u00fctliche Sitzecke im Appenzeller Stil eingerichtet werden. Hier werden Kurse angeboten, vom Ketten kn\u00fcpfen \u00fcber Steinheilkunde bis hin zu R\u00e4ucherkursen. Zus\u00e4tzlich kann Lilly Langenegger jeden 1. und 3. Freitag Nachmittag hier ihre G\u00e4ste empfangen, B\u00fccher signieren oder mit Bekannten Kaffee trinken. An den W\u00e4nden h\u00e4ngen deshalb auch Bilder von ihr.<\/div>\n<div>Just als die zweite Bauetappe beginnen sollte, wurden die beiden L\u00e4den an der Hauptgasse 25 zur Miete ausgeschrieben. So entschied sich Ruth Manser kurzerhand, diese zu mieten und das Einkaufs-Erlebnis-Vorhaben hier umzusetzen. Sie hatte bereits verschiedene Skizzen und Produkte von Daniel M\u00fcller, Creativeprint (Schweiz) AG, gesehen und war \u00fcberzeugt von seinen Ideen. So konnte ein einzigartiges 3-D Konzept erarbeitet und umgesetzt werden.<\/div>\n<div>Wir von der Aalichtli AG bedanken uns deshalb ganz herzlich bei allen, die an diesem Projekt f\u00fcr das erste 3-D Einkaufserlebnis in Appenzell mitgearbeitet haben<\/div>\n<p>herzlichen Dank<\/p>\n<div>Creativeprint (Schweiz) AG, Appenzell &#8211; Planung, Koordination und 3D-Ladengestaltung<\/div>\n<div>GFT Fenster &amp;amp; T\u00fcren GmbH, Lutzenberg<\/div>\n<div>\u00a0Markus Signer &#8211; Gipser<\/div>\n<div>Guido Hautle, B\u00f6den verlegen<\/div>\n<div>Elektro Schweizer<\/div>\n<div>Sanit\u00e4r F\u00e4ssler<\/div>\n<div>F\u00e4ssler Hansueli, Holzbau<\/div>\n<p>Einen besonderen Dank geb\u00fchrt<\/p>\n<div>\u00a0allen fleissigen Helferinnen und Helfer, die immer im richtigen Moment zur Stelle waren<\/div>\n<div>\u00a0den neuen Nachbarn f\u00fcr den freundlichen Empfang<\/div>\n<p>Aaliechtli \u201ca de Gass\u201d das 3-D Einkaufserlebnis in Appenzell<\/p>\n<div>Ch\u00f6nd zonis<\/div>\n<p>&nbsp;<\/p>\n<p><strong>2016<\/strong><\/p>\n<div>Wir arbeiten mit Hochtouren am Internetshop. Die ganzen \u00e4therischen \u00d6le, Raumsprays und R\u00e4ucherwaren sind bereits erfasst. Es gibt enorm viel Arbeit! Deshalb: haben Sie noch etwas Geduld, bis wir soweit sind!<\/div>\n<div>Um etwas Luft zu erhalten, haben wir von Mai bis Dezember eine Goldschmiedin angestellt. Rebeca Amaedo aus Spanien hat bereits im letzten Jahr bei uns ein 2-monatiges Praktikum gemacht und wir freuen uns sehr auf ihre Unterst\u00fctzung!<\/div>\n<p>&nbsp;<\/p>\n<div><strong>2015 FSL F\u00f6deration Schweiz f\u00fcr Lithotherapie<\/strong><\/div>\n<div>Ruth Manser wird an der 1. Generalversammlung zur Gruppenleiterin der Arbeitsgruppe Ausbildung\/Weiterbildung gew\u00e4hlt<\/div>\n<p>&nbsp;<\/p>\n<div><strong>2014 Homepage-Internetshop<\/strong><\/div>\n<div>Als wir uns endlich in das Programm f\u00fcr den Internetshop eingearbeitet hatten, wurde diese vom Anbieter blockiert! Recherchen haben ergeben, dass die Firma nicht mehr existiert und dass s\u00e4mtliche Programme, die von diesem Anbieter verkauft wurden, bei der ersten \u00c4nderung blockiert wurden. Freude herrschte!<\/div>\n<div>Unser Freund Robi M\u00fcller, der auch immer im Sommer als Aushilfe bei uns Ferienabl\u00f6sung macht, hat sich dem Thema Internetshop angenommen<\/div>\n<p>&nbsp;<\/p>\n<div><strong>2014 Gr\u00fcndung FSL F\u00f6deration Schweiz f\u00fcr Lithotherapie<\/strong><\/div>\n<div>Im Fr\u00fchjahr haben wir die FSL gegr\u00fcndet und Ruth Manser war als Gr\u00fcndungsmitglied dabei. Die FSL hat das Fernziel, dass die Steinheilkunde als Heilmethode anerkannt wird. Hierzu haben sich verschiedene Arbeitsgruppen gebildet wie Ausbildung, Forschung, Therapien f\u00fcr Mensch und Tier etc. Interessiert Sie das Thema? Dann finden Sie hier weitere Informationen: <a>www.fsl-suisse.ch.<\/a><\/div>\n<div><\/div>\n<div><strong>2013\/2014 Weiterbildung<\/strong><\/div>\n<div>Ruth Manser hat die Grundausbildung zur Steinheilkunde absolviert und abgeschlossen, um einige Wissens-L\u00fccken zu schliessen, die der Tod von Mary hinterlassen hat. So kann sie weiterhin Kurse anbieten und das Angebot ausweiten<\/div>\n<p>&nbsp;<\/p>\n<div><strong>2013 Gedenken an Mary Simotti<\/strong><\/div>\n<div>Zu unserem grossen Bedauern ist unsere Partnerin Mary Simotti am 4. Januar 2013 gestorben. Wir sind \u00fcberaus dankbar f\u00fcr die Zeit, die wir unseren Weg mit ihr gemeinsam gehen durften.<\/div>\n<div>Ihr Weggang hinterl\u00e4sst auch gesch\u00e4ftlich eine grosse L\u00fccke und bringt einige \u00c4nderungen mit sich. So haben wir bereits neue \u00d6ffnungszeiten eingef\u00fchrt: wir lassen das Gesch\u00e4ft am Montag den ganzen Tag und am Dienstag Vormittag zu. Zus\u00e4tzlich machen wir jeweils \u00fcber Mittag eine Pause.<\/div>\n<div>Mary war verantwortlich f\u00fcr Rohsteine und Fossilien. Da uns das Wissen und die Zeit fehlt, solche St\u00fccke professionell zu pr\u00e4parieren, werden wir uns auf den Einkauf fertiger, sch\u00f6ner St\u00fccke beschr\u00e4nken. Zwei weitere Fachgebiete von ihr waren die Fotografie und die Website. Das Vorhaben, im Fr\u00fchjahr 2013 einen Interneshop ins Netz zu stellen, verschieben wir deshalb auf unbestimmte Zeit. Aber wir bleiben am Ball&#8230;<\/div>\n<p>&nbsp;<\/p>\n<div><strong>2012 Umzug<\/strong><\/div>\n<div>Nachdem wir f\u00fcr unser Gesch\u00e4ft an der Hauptgasse vor zwei Jahren die K\u00fcndigung erhielten, haben wir krampfhaft nach einer neuen Bleibe gesucht. Dank gl\u00fccklicher Umst\u00e4nde, ja man kann wirklich von &#8220;F\u00fcgung&#8221; sprechen, er\u00f6ffneten wir am 6. Oktober 2012 unser Gesch\u00e4ft in der Marktgasse 7, im Parterre vom Restaurant Traube in Appenzell. An dieser Stelle bedanken wir uns recht herzlich beim Claro Team, dass sie ihr Gesch\u00e4ft fr\u00fcher als geplant geschlossen haben. Dies erm\u00f6glichte uns unseren Laden l\u00fcckenlos weiter zu f\u00fchren.<\/div>\n<div><\/div>\n<div><strong>2002-2012 Unsere Geschichte<\/strong><\/div>\n<div>2002 haben wir das Gesch\u00e4ft an der Hauptgasse \u00fcbernommen und wollten es im urspr\u00fcnglichen Sinn weiter f\u00fchren. Bald merkten wir, dass wir grundlegend etwas \u00e4ndern m\u00fcssen um zu \u00fcberleben. So hatten wir 2004 die Idee, im Untergeschoss einen Ausstellungs- und Verkaufsraum f\u00fcr regionale Kunsthandwerker einzurichten. Wir nahmen mit verschiedenen Kunsthandwerkern Kontakt auf, welche ihre Artikel dann bei uns zum Kauf anboten. Da trotz aller Bem\u00fchungen die Unkosten weiter zu hoch waren, haben wir 2006 beschlossen das Gesch\u00e4ft zu verkleinern und mit Mineralien und Heilsteinen eine vollkommen neue Richtung einzuschlagen.&lt;\/p&gt;<\/div>\n<p>&nbsp;<\/p>\n<div><strong>Warum Steine?<\/strong><\/div>\n<div>Schon als Kinder waren wir fasziniert von Steinen. Nat\u00fcrlich beschr\u00e4nkten sich unsere Kostbarkeiten auf Steine, die wir auf unseren Wanderungen und Spazierg\u00e4ngen gefunden hatten. Erst mit der Zeit lernten wir auch die Vielfalt der Mineralien kennen, die es auf der ganzen Welt zu finden gibt. Mary Simotti war vor allem geologisch interessiert, d.h. wie die ganzen Mineralien entstanden sind, welche chemische Zusammensetzung sie haben und wie man sie bestimmen kann. Das ist auch heute ihre Aufgabe: sie bestimmt und beschriftet Mineralien, die wir von H\u00e4ndlern und Privatpersonen einkaufen. Ruth Manser hat schon fr\u00fch die Kraft der Steine gesp\u00fcrt und hat viele Selbstversuche gestartet. Dem entsprechend hat sie sich in der neueren Zeit vor allem mit der Heilkraft der Mineralien besch\u00e4ftigt und stellt selber Heilstein-Elixiere her. Sonja Broger hingegen war mehr von der Sch\u00f6nheit der Steine angetan. Dem entsprechend hat sie nun ihre eigene Linie \u201eSonjArt\u201c auf die Beine gestellt. Sie bearbeitet einheimische und andere Steine auf der Schleifmaschine und stellt exklusiven Schmuck her.<\/div>\n<div>Hobby wird Beruf<\/div>\n<div>Wir alle sind nach wie vor \u2013 und immer mehr \u2013 begeistert und fasziniert von den Steinen und Mineralien, den vielen Arten, Formen und Farben. In den vergangenen vier Jahren haben wir verschiedene Kurse belegt und bilden uns laufend weiter. So entwickeln wir uns immer weiter und haben immer wieder neue Ideen, die wir auch in die Tat umsetzen. Die Arbeit hier im Laden und im Atelier bereitet uns viel Freude und macht uns Spass.<\/div>\n<div>So hoffen wir, Sie mit unserer Begeisterung bei Ihrem Besuch in unserem Gesch\u00e4ft anstecken zu k\u00f6nnen.<\/div>\n<div><\/div>\n<div><em>Ihr aaliechtli-Team<\/em><\/div>\n","protected":false},"excerpt":{"rendered":"<p>Aktuell: Aaliechtli AG ein 3-D Einkaufserlebnis in Appenzell Anl\u00e4sslich des 10-j\u00e4hrigen Jubil\u00e4ums vom Aaliechtli Steinladen hat sich die Inhaberin, Ruth Manser, eine grundlegende Ver\u00e4nderung gew\u00fcnscht. Sie wollte den Laden zu [&hellip;]<\/p>\n","protected":false},"author":3,"featured_media":0,"comment_status":"open","ping_status":"open","sticky":false,"template":"","format":"standard","meta":{"footnotes":""},"categories":[31],"tags":[],"class_list":["post-179","post","type-post","status-publish","format-standard","hentry","category-aaliechtli"],"yoast_head":"<!-- This site is optimized with the Yoast SEO plugin v23.6 - https:\/\/yoast.com\/wordpress\/plugins\/seo\/ -->\n<title>Unsere Geschichte - Aaliechtli<\/title>\n<meta name=\"robots\" content=\"index, follow, max-snippet:-1, max-image-preview:large, max-video-preview:-1\" \/>\n<link rel=\"canonical\" href=\"https:\/\/aaliechtli.ch\/en\/unsere-geschichte\/\" \/>\n<meta property=\"og:locale\" content=\"en_US\" \/>\n<meta property=\"og:type\" content=\"article\" \/>\n<meta property=\"og:title\" content=\"Unsere Geschichte - Aaliechtli\" \/>\n<meta property=\"og:description\" content=\"Aktuell: Aaliechtli AG ein 3-D Einkaufserlebnis in Appenzell Anl\u00e4sslich des 10-j\u00e4hrigen Jubil\u00e4ums vom Aaliechtli Steinladen hat sich die Inhaberin, Ruth Manser, eine grundlegende Ver\u00e4nderung gew\u00fcnscht. Sie wollte den Laden zu [&hellip;]\" \/>\n<meta property=\"og:url\" content=\"https:\/\/aaliechtli.ch\/en\/unsere-geschichte\/\" \/>\n<meta property=\"og:site_name\" content=\"Aaliechtli\" \/>\n<meta property=\"article:published_time\" content=\"2016-11-16T08:15:52+00:00\" \/>\n<meta property=\"article:modified_time\" content=\"2016-11-16T09:20:01+00:00\" \/>\n<meta name=\"author\" content=\"Hugo Dias\" \/>\n<meta name=\"twitter:card\" content=\"summary_large_image\" \/>\n<meta name=\"twitter:label1\" content=\"Written by\" \/>\n\t<meta name=\"twitter:data1\" content=\"Hugo Dias\" \/>\n\t<meta name=\"twitter:label2\" content=\"Est. reading time\" \/>\n\t<meta name=\"twitter:data2\" content=\"6 minutes\" \/>\n<script type=\"application\/ld+json\" class=\"yoast-schema-graph\">{\"@context\":\"https:\/\/schema.org\",\"@graph\":[{\"@type\":\"Article\",\"@id\":\"https:\/\/aaliechtli.ch\/en\/unsere-geschichte\/#article\",\"isPartOf\":{\"@id\":\"https:\/\/aaliechtli.ch\/en\/unsere-geschichte\/\"},\"author\":{\"name\":\"Hugo Dias\",\"@id\":\"https:\/\/aaliechtli.ch\/#\/schema\/person\/21572136b784a6ad9e664e0b09c4b6f3\"},\"headline\":\"Unsere Geschichte\",\"datePublished\":\"2016-11-16T08:15:52+00:00\",\"dateModified\":\"2016-11-16T09:20:01+00:00\",\"mainEntityOfPage\":{\"@id\":\"https:\/\/aaliechtli.ch\/en\/unsere-geschichte\/\"},\"wordCount\":1163,\"commentCount\":0,\"publisher\":{\"@id\":\"https:\/\/aaliechtli.ch\/#organization\"},\"articleSection\":[\"Aaliechtli\"],\"inLanguage\":\"en-US\",\"potentialAction\":[{\"@type\":\"CommentAction\",\"name\":\"Comment\",\"target\":[\"https:\/\/aaliechtli.ch\/en\/unsere-geschichte\/#respond\"]}]},{\"@type\":\"WebPage\",\"@id\":\"https:\/\/aaliechtli.ch\/en\/unsere-geschichte\/\",\"url\":\"https:\/\/aaliechtli.ch\/en\/unsere-geschichte\/\",\"name\":\"Unsere Geschichte - Aaliechtli\",\"isPartOf\":{\"@id\":\"https:\/\/aaliechtli.ch\/#website\"},\"datePublished\":\"2016-11-16T08:15:52+00:00\",\"dateModified\":\"2016-11-16T09:20:01+00:00\",\"breadcrumb\":{\"@id\":\"https:\/\/aaliechtli.ch\/en\/unsere-geschichte\/#breadcrumb\"},\"inLanguage\":\"en-US\",\"potentialAction\":[{\"@type\":\"ReadAction\",\"target\":[\"https:\/\/aaliechtli.ch\/en\/unsere-geschichte\/\"]}]},{\"@type\":\"BreadcrumbList\",\"@id\":\"https:\/\/aaliechtli.ch\/en\/unsere-geschichte\/#breadcrumb\",\"itemListElement\":[{\"@type\":\"ListItem\",\"position\":1,\"name\":\"Home\",\"item\":\"https:\/\/aaliechtli.ch\/\"},{\"@type\":\"ListItem\",\"position\":2,\"name\":\"Unsere Geschichte\"}]},{\"@type\":\"WebSite\",\"@id\":\"https:\/\/aaliechtli.ch\/#website\",\"url\":\"https:\/\/aaliechtli.ch\/\",\"name\":\"Aaliechtli\",\"description\":\"\",\"publisher\":{\"@id\":\"https:\/\/aaliechtli.ch\/#organization\"},\"potentialAction\":[{\"@type\":\"SearchAction\",\"target\":{\"@type\":\"EntryPoint\",\"urlTemplate\":\"https:\/\/aaliechtli.ch\/?s={search_term_string}\"},\"query-input\":{\"@type\":\"PropertyValueSpecification\",\"valueRequired\":true,\"valueName\":\"search_term_string\"}}],\"inLanguage\":\"en-US\"},{\"@type\":\"Organization\",\"@id\":\"https:\/\/aaliechtli.ch\/#organization\",\"name\":\"Aaliechtli\",\"url\":\"https:\/\/aaliechtli.ch\/\",\"logo\":{\"@type\":\"ImageObject\",\"inLanguage\":\"en-US\",\"@id\":\"https:\/\/aaliechtli.ch\/#\/schema\/logo\/image\/\",\"url\":\"https:\/\/aaliechtli.ch\/wp-content\/uploads\/2016\/11\/cropped-logo-aaliechtli-7.png\",\"contentUrl\":\"https:\/\/aaliechtli.ch\/wp-content\/uploads\/2016\/11\/cropped-logo-aaliechtli-7.png\",\"width\":375,\"height\":110,\"caption\":\"Aaliechtli\"},\"image\":{\"@id\":\"https:\/\/aaliechtli.ch\/#\/schema\/logo\/image\/\"}},{\"@type\":\"Person\",\"@id\":\"https:\/\/aaliechtli.ch\/#\/schema\/person\/21572136b784a6ad9e664e0b09c4b6f3\",\"name\":\"Hugo Dias\",\"url\":\"https:\/\/aaliechtli.ch\/en\/author\/ruth\/\"}]}<\/script>\n<!-- \/ Yoast SEO plugin. -->","yoast_head_json":{"title":"Unsere Geschichte - Aaliechtli","robots":{"index":"index","follow":"follow","max-snippet":"max-snippet:-1","max-image-preview":"max-image-preview:large","max-video-preview":"max-video-preview:-1"},"canonical":"https:\/\/aaliechtli.ch\/en\/unsere-geschichte\/","og_locale":"en_US","og_type":"article","og_title":"Unsere Geschichte - Aaliechtli","og_description":"Aktuell: Aaliechtli AG ein 3-D Einkaufserlebnis in Appenzell Anl\u00e4sslich des 10-j\u00e4hrigen Jubil\u00e4ums vom Aaliechtli Steinladen hat sich die Inhaberin, Ruth Manser, eine grundlegende Ver\u00e4nderung gew\u00fcnscht. Sie wollte den Laden zu [&hellip;]","og_url":"https:\/\/aaliechtli.ch\/en\/unsere-geschichte\/","og_site_name":"Aaliechtli","article_published_time":"2016-11-16T08:15:52+00:00","article_modified_time":"2016-11-16T09:20:01+00:00","author":"Hugo Dias","twitter_card":"summary_large_image","twitter_misc":{"Written by":"Hugo Dias","Est. reading time":"6 minutes"},"schema":{"@context":"https:\/\/schema.org","@graph":[{"@type":"Article","@id":"https:\/\/aaliechtli.ch\/en\/unsere-geschichte\/#article","isPartOf":{"@id":"https:\/\/aaliechtli.ch\/en\/unsere-geschichte\/"},"author":{"name":"Hugo Dias","@id":"https:\/\/aaliechtli.ch\/#\/schema\/person\/21572136b784a6ad9e664e0b09c4b6f3"},"headline":"Unsere Geschichte","datePublished":"2016-11-16T08:15:52+00:00","dateModified":"2016-11-16T09:20:01+00:00","mainEntityOfPage":{"@id":"https:\/\/aaliechtli.ch\/en\/unsere-geschichte\/"},"wordCount":1163,"commentCount":0,"publisher":{"@id":"https:\/\/aaliechtli.ch\/#organization"},"articleSection":["Aaliechtli"],"inLanguage":"en-US","potentialAction":[{"@type":"CommentAction","name":"Comment","target":["https:\/\/aaliechtli.ch\/en\/unsere-geschichte\/#respond"]}]},{"@type":"WebPage","@id":"https:\/\/aaliechtli.ch\/en\/unsere-geschichte\/","url":"https:\/\/aaliechtli.ch\/en\/unsere-geschichte\/","name":"Unsere Geschichte - Aaliechtli","isPartOf":{"@id":"https:\/\/aaliechtli.ch\/#website"},"datePublished":"2016-11-16T08:15:52+00:00","dateModified":"2016-11-16T09:20:01+00:00","breadcrumb":{"@id":"https:\/\/aaliechtli.ch\/en\/unsere-geschichte\/#breadcrumb"},"inLanguage":"en-US","potentialAction":[{"@type":"ReadAction","target":["https:\/\/aaliechtli.ch\/en\/unsere-geschichte\/"]}]},{"@type":"BreadcrumbList","@id":"https:\/\/aaliechtli.ch\/en\/unsere-geschichte\/#breadcrumb","itemListElement":[{"@type":"ListItem","position":1,"name":"Home","item":"https:\/\/aaliechtli.ch\/"},{"@type":"ListItem","position":2,"name":"Unsere Geschichte"}]},{"@type":"WebSite","@id":"https:\/\/aaliechtli.ch\/#website","url":"https:\/\/aaliechtli.ch\/","name":"Aaliechtli","description":"","publisher":{"@id":"https:\/\/aaliechtli.ch\/#organization"},"potentialAction":[{"@type":"SearchAction","target":{"@type":"EntryPoint","urlTemplate":"https:\/\/aaliechtli.ch\/?s={search_term_string}"},"query-input":{"@type":"PropertyValueSpecification","valueRequired":true,"valueName":"search_term_string"}}],"inLanguage":"en-US"},{"@type":"Organization","@id":"https:\/\/aaliechtli.ch\/#organization","name":"Aaliechtli","url":"https:\/\/aaliechtli.ch\/","logo":{"@type":"ImageObject","inLanguage":"en-US","@id":"https:\/\/aaliechtli.ch\/#\/schema\/logo\/image\/","url":"https:\/\/aaliechtli.ch\/wp-content\/uploads\/2016\/11\/cropped-logo-aaliechtli-7.png","contentUrl":"https:\/\/aaliechtli.ch\/wp-content\/uploads\/2016\/11\/cropped-logo-aaliechtli-7.png","width":375,"height":110,"caption":"Aaliechtli"},"image":{"@id":"https:\/\/aaliechtli.ch\/#\/schema\/logo\/image\/"}},{"@type":"Person","@id":"https:\/\/aaliechtli.ch\/#\/schema\/person\/21572136b784a6ad9e664e0b09c4b6f3","name":"Hugo Dias","url":"https:\/\/aaliechtli.ch\/en\/author\/ruth\/"}]}},"_links":{"self":[{"href":"https:\/\/aaliechtli.ch\/en\/wp-json\/wp\/v2\/posts\/179","targetHints":{"allow":["GET"]}}],"collection":[{"href":"https:\/\/aaliechtli.ch\/en\/wp-json\/wp\/v2\/posts"}],"about":[{"href":"https:\/\/aaliechtli.ch\/en\/wp-json\/wp\/v2\/types\/post"}],"author":[{"embeddable":true,"href":"https:\/\/aaliechtli.ch\/en\/wp-json\/wp\/v2\/users\/3"}],"replies":[{"embeddable":true,"href":"https:\/\/aaliechtli.ch\/en\/wp-json\/wp\/v2\/comments?post=179"}],"version-history":[{"count":3,"href":"https:\/\/aaliechtli.ch\/en\/wp-json\/wp\/v2\/posts\/179\/revisions"}],"predecessor-version":[{"id":182,"href":"https:\/\/aaliechtli.ch\/en\/wp-json\/wp\/v2\/posts\/179\/revisions\/182"}],"wp:attachment":[{"href":"https:\/\/aaliechtli.ch\/en\/wp-json\/wp\/v2\/media?parent=179"}],"wp:term":[{"taxonomy":"category","embeddable":true,"href":"https:\/\/aaliechtli.ch\/en\/wp-json\/wp\/v2\/categories?post=179"},{"taxonomy":"post_tag","embeddable":true,"href":"https:\/\/aaliechtli.ch\/en\/wp-json\/wp\/v2\/tags?post=179"}],"curies":[{"name":"wp","href":"https:\/\/api.w.org\/{rel}","templated":true}]}}