{"id":3265,"date":"2018-02-13T14:46:16","date_gmt":"2018-02-13T14:46:16","guid":{"rendered":"http:\/\/aaliechtli.ch?p=3265"},"modified":"2019-03-08T15:13:02","modified_gmt":"2019-03-08T15:13:02","slug":"2016-aaliechtli-ag-ein-3d-einkaufserlebnis-der-hauptgasse-appenzell-copy","status":"publish","type":"post","link":"https:\/\/aaliechtli.ch\/en\/2016-aaliechtli-ag-ein-3d-einkaufserlebnis-der-hauptgasse-appenzell-copy\/","title":{"rendered":"2017 Weiterbildung und Kreativit\u00e4t stehen im Zentrum"},"content":{"rendered":"<p>Das Jahr 2017 stand ganz im Zeichen von Weiterbildung und Kreativit\u00e4t.<\/p>\n<p>Jessica Wetter hatte den Wunsch, einen Goldschmiedekurs zu besuchen, was wir gerne unterst\u00fctzt haben. Auch wenn wir in Rebeca Amoedo eine ausgebildete Goldschmiedin im Team haben und im Moment keinen Goldschmiede-Arbeitsplatz zur Verf\u00fcgung stellen k\u00f6nnen, so ist es doch immer wieder gut, wenn sich Mitarbeiterinnen f\u00fcr verwandtes Handwerk interessieren. Wer weiss, wo unser Weg noch hin f\u00fchrt!?!<\/p>\n<p>Im Fr\u00fchling haben Rebeca Amoedo und Jessica Wetter einen Steinschleifkurs besucht. Sie waren dermassen begeistert vom neu Erlernten, dass wir entschieden haben, abwechselnd einen Tag pro Woche f\u00fcrs Steine schleifen zur Verf\u00fcgung zu stellen. So konnten sie das Gelernte umsetzen und Erfahrung sammeln.<\/p>\n<p>Jessica war so begeistert, dass sie kurzerhand selber eine Schleifmaschine gekauft und angefangen hat, zusammen mit ihrem Partner Hugo privat Cabochons zu schleifen. Es macht Spass zu sehen, mit wieviel Freude und Engagement sie ihre eigene Linie weiter entwickeln und ihr eigenes Label voran treiben. Sie arbeitet vor allem mit Garnen und Leder, macht mit einer speziellen Kn\u00fcpftechnik Fassungen um Steine, B\u00e4nder f\u00fcr Arm-\/ Bein- und Halsschmuck und das &nbsp;in jeder gew\u00fcnschten Farben. Ihr Handwerk hat sie in Mexiko gelernt und laufend weiter entwickelt. (Auf www.arteyexpression.ch k\u00f6nnen Sie einige ihrer Werke begutachten und finden einen Online-Shop zum direkt bestellen.)<\/p>\n<p>So hat sie f\u00fcr die Weihnachtszeit Platz im Hauptgasse-Laden bekommen, um ihre Sachen zu verkaufen. Im Januar 18 haben wir dann das Schaufenster in der Traube haupts\u00e4chlich mit ihren Produkten best\u00fcckt. Es erstaunt nicht, wie begeistert die Kunden auf ihre Produkte reagieren.<\/p>\n<p>Leider lief das Jahr in finanzieller Hinsicht nicht gut, sodass wir uns Ende November von unserer langj\u00e4hrigen Mitarbeiterin Sonja Broger getrennt haben. An dieser Stelle bedanken wir uns bei Sonja f\u00fcr ihr Engagement f\u00fcr unser Gesch\u00e4ft. Mit einem guten Gesp\u00fcr f\u00fcr aktuelle Trends stellte sie Schmuck her und begeisterte unsere Kunden immer wieder mit ihren kreativen Dekorations-Ideen. Wir w\u00fcnschen dir, liebe Sonja, alles Liebe und Gute auf deinem weiteren Lebensweg!<\/p>\n","protected":false},"excerpt":{"rendered":"<p>Das Jahr 2017 stand ganz im Zeichen von Weiterbildung und Kreativit\u00e4t. Jessica Wetter hatte den Wunsch, einen Goldschmiedekurs zu besuchen, was wir gerne unterst\u00fctzt haben. Auch wenn wir in Rebeca [&hellip;]<\/p>\n","protected":false},"author":3,"featured_media":3268,"comment_status":"closed","ping_status":"closed","sticky":false,"template":"","format":"standard","meta":{"footnotes":""},"categories":[72],"tags":[],"class_list":["post-3265","post","type-post","status-publish","format-standard","has-post-thumbnail","hentry","category-geschichte-aaliechtli"],"yoast_head":"<!-- This site is optimized with the Yoast SEO plugin v23.6 - https:\/\/yoast.com\/wordpress\/plugins\/seo\/ -->\n<title>2017 Weiterbildung und Kreativit\u00e4t stehen im Zentrum - Aaliechtli<\/title>\n<meta name=\"robots\" content=\"index, follow, max-snippet:-1, max-image-preview:large, max-video-preview:-1\" \/>\n<link rel=\"canonical\" href=\"https:\/\/aaliechtli.ch\/2016-aaliechtli-ag-ein-3d-einkaufserlebnis-der-hauptgasse-appenzell-copy\/\" \/>\n<meta property=\"og:locale\" content=\"en_US\" \/>\n<meta property=\"og:type\" content=\"article\" \/>\n<meta property=\"og:title\" content=\"2017 Weiterbildung und Kreativit\u00e4t stehen im Zentrum - Aaliechtli\" \/>\n<meta property=\"og:description\" content=\"Das Jahr 2017 stand ganz im Zeichen von Weiterbildung und Kreativit\u00e4t. Jessica Wetter hatte den Wunsch, einen Goldschmiedekurs zu besuchen, was wir gerne unterst\u00fctzt haben. Auch wenn wir in Rebeca [&hellip;]\" \/>\n<meta property=\"og:url\" content=\"https:\/\/aaliechtli.ch\/2016-aaliechtli-ag-ein-3d-einkaufserlebnis-der-hauptgasse-appenzell-copy\/\" \/>\n<meta property=\"og:site_name\" content=\"Aaliechtli\" \/>\n<meta property=\"article:published_time\" content=\"2018-02-13T14:46:16+00:00\" \/>\n<meta property=\"article:modified_time\" content=\"2019-03-08T15:13:02+00:00\" \/>\n<meta property=\"og:image\" content=\"https:\/\/aaliechtli.ch\/wp-content\/uploads\/2018\/02\/IMG_4228-scaled.jpg\" \/>\n\t<meta property=\"og:image:width\" content=\"2560\" \/>\n\t<meta property=\"og:image:height\" content=\"1707\" \/>\n\t<meta property=\"og:image:type\" content=\"image\/jpeg\" \/>\n<meta name=\"author\" content=\"Hugo Dias\" \/>\n<meta name=\"twitter:card\" content=\"summary_large_image\" \/>\n<meta name=\"twitter:label1\" content=\"Written by\" \/>\n\t<meta name=\"twitter:data1\" content=\"Hugo Dias\" \/>\n\t<meta name=\"twitter:label2\" content=\"Est. reading time\" \/>\n\t<meta name=\"twitter:data2\" content=\"2 minutes\" \/>\n<script type=\"application\/ld+json\" class=\"yoast-schema-graph\">{\"@context\":\"https:\/\/schema.org\",\"@graph\":[{\"@type\":\"Article\",\"@id\":\"https:\/\/aaliechtli.ch\/2016-aaliechtli-ag-ein-3d-einkaufserlebnis-der-hauptgasse-appenzell-copy\/#article\",\"isPartOf\":{\"@id\":\"https:\/\/aaliechtli.ch\/2016-aaliechtli-ag-ein-3d-einkaufserlebnis-der-hauptgasse-appenzell-copy\/\"},\"author\":{\"name\":\"Hugo Dias\",\"@id\":\"https:\/\/aaliechtli.ch\/#\/schema\/person\/21572136b784a6ad9e664e0b09c4b6f3\"},\"headline\":\"2017 Weiterbildung und Kreativit\u00e4t stehen im Zentrum\",\"datePublished\":\"2018-02-13T14:46:16+00:00\",\"dateModified\":\"2019-03-08T15:13:02+00:00\",\"mainEntityOfPage\":{\"@id\":\"https:\/\/aaliechtli.ch\/2016-aaliechtli-ag-ein-3d-einkaufserlebnis-der-hauptgasse-appenzell-copy\/\"},\"wordCount\":354,\"publisher\":{\"@id\":\"https:\/\/aaliechtli.ch\/#organization\"},\"image\":{\"@id\":\"https:\/\/aaliechtli.ch\/2016-aaliechtli-ag-ein-3d-einkaufserlebnis-der-hauptgasse-appenzell-copy\/#primaryimage\"},\"thumbnailUrl\":\"https:\/\/aaliechtli.ch\/wp-content\/uploads\/2018\/02\/IMG_4228-scaled.jpg\",\"articleSection\":[\"Geschichte aaliechtli\"],\"inLanguage\":\"en-US\"},{\"@type\":\"WebPage\",\"@id\":\"https:\/\/aaliechtli.ch\/2016-aaliechtli-ag-ein-3d-einkaufserlebnis-der-hauptgasse-appenzell-copy\/\",\"url\":\"https:\/\/aaliechtli.ch\/2016-aaliechtli-ag-ein-3d-einkaufserlebnis-der-hauptgasse-appenzell-copy\/\",\"name\":\"2017 Weiterbildung und Kreativit\u00e4t stehen im Zentrum - Aaliechtli\",\"isPartOf\":{\"@id\":\"https:\/\/aaliechtli.ch\/#website\"},\"primaryImageOfPage\":{\"@id\":\"https:\/\/aaliechtli.ch\/2016-aaliechtli-ag-ein-3d-einkaufserlebnis-der-hauptgasse-appenzell-copy\/#primaryimage\"},\"image\":{\"@id\":\"https:\/\/aaliechtli.ch\/2016-aaliechtli-ag-ein-3d-einkaufserlebnis-der-hauptgasse-appenzell-copy\/#primaryimage\"},\"thumbnailUrl\":\"https:\/\/aaliechtli.ch\/wp-content\/uploads\/2018\/02\/IMG_4228-scaled.jpg\",\"datePublished\":\"2018-02-13T14:46:16+00:00\",\"dateModified\":\"2019-03-08T15:13:02+00:00\",\"breadcrumb\":{\"@id\":\"https:\/\/aaliechtli.ch\/2016-aaliechtli-ag-ein-3d-einkaufserlebnis-der-hauptgasse-appenzell-copy\/#breadcrumb\"},\"inLanguage\":\"en-US\",\"potentialAction\":[{\"@type\":\"ReadAction\",\"target\":[\"https:\/\/aaliechtli.ch\/2016-aaliechtli-ag-ein-3d-einkaufserlebnis-der-hauptgasse-appenzell-copy\/\"]}]},{\"@type\":\"ImageObject\",\"inLanguage\":\"en-US\",\"@id\":\"https:\/\/aaliechtli.ch\/2016-aaliechtli-ag-ein-3d-einkaufserlebnis-der-hauptgasse-appenzell-copy\/#primaryimage\",\"url\":\"https:\/\/aaliechtli.ch\/wp-content\/uploads\/2018\/02\/IMG_4228-scaled.jpg\",\"contentUrl\":\"https:\/\/aaliechtli.ch\/wp-content\/uploads\/2018\/02\/IMG_4228-scaled.jpg\",\"width\":2560,\"height\":1707},{\"@type\":\"BreadcrumbList\",\"@id\":\"https:\/\/aaliechtli.ch\/2016-aaliechtli-ag-ein-3d-einkaufserlebnis-der-hauptgasse-appenzell-copy\/#breadcrumb\",\"itemListElement\":[{\"@type\":\"ListItem\",\"position\":1,\"name\":\"Home\",\"item\":\"https:\/\/aaliechtli.ch\/\"},{\"@type\":\"ListItem\",\"position\":2,\"name\":\"2017 Weiterbildung und Kreativit\u00e4t stehen im Zentrum\"}]},{\"@type\":\"WebSite\",\"@id\":\"https:\/\/aaliechtli.ch\/#website\",\"url\":\"https:\/\/aaliechtli.ch\/\",\"name\":\"Aaliechtli\",\"description\":\"\",\"publisher\":{\"@id\":\"https:\/\/aaliechtli.ch\/#organization\"},\"potentialAction\":[{\"@type\":\"SearchAction\",\"target\":{\"@type\":\"EntryPoint\",\"urlTemplate\":\"https:\/\/aaliechtli.ch\/?s={search_term_string}\"},\"query-input\":{\"@type\":\"PropertyValueSpecification\",\"valueRequired\":true,\"valueName\":\"search_term_string\"}}],\"inLanguage\":\"en-US\"},{\"@type\":\"Organization\",\"@id\":\"https:\/\/aaliechtli.ch\/#organization\",\"name\":\"Aaliechtli\",\"url\":\"https:\/\/aaliechtli.ch\/\",\"logo\":{\"@type\":\"ImageObject\",\"inLanguage\":\"en-US\",\"@id\":\"https:\/\/aaliechtli.ch\/#\/schema\/logo\/image\/\",\"url\":\"https:\/\/aaliechtli.ch\/wp-content\/uploads\/2016\/11\/cropped-logo-aaliechtli-7.png\",\"contentUrl\":\"https:\/\/aaliechtli.ch\/wp-content\/uploads\/2016\/11\/cropped-logo-aaliechtli-7.png\",\"width\":375,\"height\":110,\"caption\":\"Aaliechtli\"},\"image\":{\"@id\":\"https:\/\/aaliechtli.ch\/#\/schema\/logo\/image\/\"}},{\"@type\":\"Person\",\"@id\":\"https:\/\/aaliechtli.ch\/#\/schema\/person\/21572136b784a6ad9e664e0b09c4b6f3\",\"name\":\"Hugo Dias\",\"url\":\"https:\/\/aaliechtli.ch\/en\/author\/ruth\/\"}]}<\/script>\n<!-- \/ Yoast SEO plugin. -->","yoast_head_json":{"title":"2017 Weiterbildung und Kreativit\u00e4t stehen im Zentrum - Aaliechtli","robots":{"index":"index","follow":"follow","max-snippet":"max-snippet:-1","max-image-preview":"max-image-preview:large","max-video-preview":"max-video-preview:-1"},"canonical":"https:\/\/aaliechtli.ch\/2016-aaliechtli-ag-ein-3d-einkaufserlebnis-der-hauptgasse-appenzell-copy\/","og_locale":"en_US","og_type":"article","og_title":"2017 Weiterbildung und Kreativit\u00e4t stehen im Zentrum - Aaliechtli","og_description":"Das Jahr 2017 stand ganz im Zeichen von Weiterbildung und Kreativit\u00e4t. Jessica Wetter hatte den Wunsch, einen Goldschmiedekurs zu besuchen, was wir gerne unterst\u00fctzt haben. Auch wenn wir in Rebeca [&hellip;]","og_url":"https:\/\/aaliechtli.ch\/2016-aaliechtli-ag-ein-3d-einkaufserlebnis-der-hauptgasse-appenzell-copy\/","og_site_name":"Aaliechtli","article_published_time":"2018-02-13T14:46:16+00:00","article_modified_time":"2019-03-08T15:13:02+00:00","og_image":[{"width":2560,"height":1707,"url":"https:\/\/aaliechtli.ch\/wp-content\/uploads\/2018\/02\/IMG_4228-scaled.jpg","type":"image\/jpeg"}],"author":"Hugo Dias","twitter_card":"summary_large_image","twitter_misc":{"Written by":"Hugo Dias","Est. reading time":"2 minutes"},"schema":{"@context":"https:\/\/schema.org","@graph":[{"@type":"Article","@id":"https:\/\/aaliechtli.ch\/2016-aaliechtli-ag-ein-3d-einkaufserlebnis-der-hauptgasse-appenzell-copy\/#article","isPartOf":{"@id":"https:\/\/aaliechtli.ch\/2016-aaliechtli-ag-ein-3d-einkaufserlebnis-der-hauptgasse-appenzell-copy\/"},"author":{"name":"Hugo Dias","@id":"https:\/\/aaliechtli.ch\/#\/schema\/person\/21572136b784a6ad9e664e0b09c4b6f3"},"headline":"2017 Weiterbildung und Kreativit\u00e4t stehen im Zentrum","datePublished":"2018-02-13T14:46:16+00:00","dateModified":"2019-03-08T15:13:02+00:00","mainEntityOfPage":{"@id":"https:\/\/aaliechtli.ch\/2016-aaliechtli-ag-ein-3d-einkaufserlebnis-der-hauptgasse-appenzell-copy\/"},"wordCount":354,"publisher":{"@id":"https:\/\/aaliechtli.ch\/#organization"},"image":{"@id":"https:\/\/aaliechtli.ch\/2016-aaliechtli-ag-ein-3d-einkaufserlebnis-der-hauptgasse-appenzell-copy\/#primaryimage"},"thumbnailUrl":"https:\/\/aaliechtli.ch\/wp-content\/uploads\/2018\/02\/IMG_4228-scaled.jpg","articleSection":["Geschichte aaliechtli"],"inLanguage":"en-US"},{"@type":"WebPage","@id":"https:\/\/aaliechtli.ch\/2016-aaliechtli-ag-ein-3d-einkaufserlebnis-der-hauptgasse-appenzell-copy\/","url":"https:\/\/aaliechtli.ch\/2016-aaliechtli-ag-ein-3d-einkaufserlebnis-der-hauptgasse-appenzell-copy\/","name":"2017 Weiterbildung und Kreativit\u00e4t stehen im Zentrum - Aaliechtli","isPartOf":{"@id":"https:\/\/aaliechtli.ch\/#website"},"primaryImageOfPage":{"@id":"https:\/\/aaliechtli.ch\/2016-aaliechtli-ag-ein-3d-einkaufserlebnis-der-hauptgasse-appenzell-copy\/#primaryimage"},"image":{"@id":"https:\/\/aaliechtli.ch\/2016-aaliechtli-ag-ein-3d-einkaufserlebnis-der-hauptgasse-appenzell-copy\/#primaryimage"},"thumbnailUrl":"https:\/\/aaliechtli.ch\/wp-content\/uploads\/2018\/02\/IMG_4228-scaled.jpg","datePublished":"2018-02-13T14:46:16+00:00","dateModified":"2019-03-08T15:13:02+00:00","breadcrumb":{"@id":"https:\/\/aaliechtli.ch\/2016-aaliechtli-ag-ein-3d-einkaufserlebnis-der-hauptgasse-appenzell-copy\/#breadcrumb"},"inLanguage":"en-US","potentialAction":[{"@type":"ReadAction","target":["https:\/\/aaliechtli.ch\/2016-aaliechtli-ag-ein-3d-einkaufserlebnis-der-hauptgasse-appenzell-copy\/"]}]},{"@type":"ImageObject","inLanguage":"en-US","@id":"https:\/\/aaliechtli.ch\/2016-aaliechtli-ag-ein-3d-einkaufserlebnis-der-hauptgasse-appenzell-copy\/#primaryimage","url":"https:\/\/aaliechtli.ch\/wp-content\/uploads\/2018\/02\/IMG_4228-scaled.jpg","contentUrl":"https:\/\/aaliechtli.ch\/wp-content\/uploads\/2018\/02\/IMG_4228-scaled.jpg","width":2560,"height":1707},{"@type":"BreadcrumbList","@id":"https:\/\/aaliechtli.ch\/2016-aaliechtli-ag-ein-3d-einkaufserlebnis-der-hauptgasse-appenzell-copy\/#breadcrumb","itemListElement":[{"@type":"ListItem","position":1,"name":"Home","item":"https:\/\/aaliechtli.ch\/"},{"@type":"ListItem","position":2,"name":"2017 Weiterbildung und Kreativit\u00e4t stehen im Zentrum"}]},{"@type":"WebSite","@id":"https:\/\/aaliechtli.ch\/#website","url":"https:\/\/aaliechtli.ch\/","name":"Aaliechtli","description":"","publisher":{"@id":"https:\/\/aaliechtli.ch\/#organization"},"potentialAction":[{"@type":"SearchAction","target":{"@type":"EntryPoint","urlTemplate":"https:\/\/aaliechtli.ch\/?s={search_term_string}"},"query-input":{"@type":"PropertyValueSpecification","valueRequired":true,"valueName":"search_term_string"}}],"inLanguage":"en-US"},{"@type":"Organization","@id":"https:\/\/aaliechtli.ch\/#organization","name":"Aaliechtli","url":"https:\/\/aaliechtli.ch\/","logo":{"@type":"ImageObject","inLanguage":"en-US","@id":"https:\/\/aaliechtli.ch\/#\/schema\/logo\/image\/","url":"https:\/\/aaliechtli.ch\/wp-content\/uploads\/2016\/11\/cropped-logo-aaliechtli-7.png","contentUrl":"https:\/\/aaliechtli.ch\/wp-content\/uploads\/2016\/11\/cropped-logo-aaliechtli-7.png","width":375,"height":110,"caption":"Aaliechtli"},"image":{"@id":"https:\/\/aaliechtli.ch\/#\/schema\/logo\/image\/"}},{"@type":"Person","@id":"https:\/\/aaliechtli.ch\/#\/schema\/person\/21572136b784a6ad9e664e0b09c4b6f3","name":"Hugo Dias","url":"https:\/\/aaliechtli.ch\/en\/author\/ruth\/"}]}},"_links":{"self":[{"href":"https:\/\/aaliechtli.ch\/en\/wp-json\/wp\/v2\/posts\/3265","targetHints":{"allow":["GET"]}}],"collection":[{"href":"https:\/\/aaliechtli.ch\/en\/wp-json\/wp\/v2\/posts"}],"about":[{"href":"https:\/\/aaliechtli.ch\/en\/wp-json\/wp\/v2\/types\/post"}],"author":[{"embeddable":true,"href":"https:\/\/aaliechtli.ch\/en\/wp-json\/wp\/v2\/users\/3"}],"replies":[{"embeddable":true,"href":"https:\/\/aaliechtli.ch\/en\/wp-json\/wp\/v2\/comments?post=3265"}],"version-history":[{"count":6,"href":"https:\/\/aaliechtli.ch\/en\/wp-json\/wp\/v2\/posts\/3265\/revisions"}],"predecessor-version":[{"id":3804,"href":"https:\/\/aaliechtli.ch\/en\/wp-json\/wp\/v2\/posts\/3265\/revisions\/3804"}],"wp:featuredmedia":[{"embeddable":true,"href":"https:\/\/aaliechtli.ch\/en\/wp-json\/wp\/v2\/media\/3268"}],"wp:attachment":[{"href":"https:\/\/aaliechtli.ch\/en\/wp-json\/wp\/v2\/media?parent=3265"}],"wp:term":[{"taxonomy":"category","embeddable":true,"href":"https:\/\/aaliechtli.ch\/en\/wp-json\/wp\/v2\/categories?post=3265"},{"taxonomy":"post_tag","embeddable":true,"href":"https:\/\/aaliechtli.ch\/en\/wp-json\/wp\/v2\/tags?post=3265"}],"curies":[{"name":"wp","href":"https:\/\/api.w.org\/{rel}","templated":true}]}}