{"id":3813,"date":"2019-03-08T16:13:12","date_gmt":"2019-03-08T16:13:12","guid":{"rendered":"http:\/\/aaliechtli.ch\/?p=3813"},"modified":"2019-03-08T16:40:45","modified_gmt":"2019-03-08T16:40:45","slug":"2016-aaliechtli-ag-ein-3d-einkaufserlebnis-der-hauptgasse-appenzell-copy-copy-copy-copy","status":"publish","type":"post","link":"https:\/\/aaliechtli.ch\/en\/2016-aaliechtli-ag-ein-3d-einkaufserlebnis-der-hauptgasse-appenzell-copy-copy-copy-copy\/","title":{"rendered":"2019"},"content":{"rendered":"\t\t<div data-elementor-type=\"wp-post\" data-elementor-id=\"3813\" class=\"elementor elementor-3813 elementor-bc-flex-widget\">\n\t\t\t\t\t\t<section class=\"elementor-section elementor-top-section elementor-element elementor-element-7d5bb8c7 elementor-section-boxed elementor-section-height-default elementor-section-height-default\" data-id=\"7d5bb8c7\" data-element_type=\"section\">\n\t\t\t\t\t\t<div class=\"elementor-container elementor-column-gap-default\">\n\t\t\t\t\t<div class=\"elementor-column elementor-col-100 elementor-top-column elementor-element elementor-element-73e9419a\" data-id=\"73e9419a\" data-element_type=\"column\">\n\t\t\t<div class=\"elementor-widget-wrap elementor-element-populated\">\n\t\t\t\t\t\t<div class=\"elementor-element elementor-element-136f7181 elementor-widget elementor-widget-text-editor\" data-id=\"136f7181\" data-element_type=\"widget\" data-widget_type=\"text-editor.default\">\n\t\t\t\t<div class=\"elementor-widget-container\">\n\t\t\t\t\t\t\t<p><strong>Neuer Wind im Aaliechtli<\/strong><\/p><p>Es freut mich ausserordentlich, hier und heute zu informieren, dass Jessica Wetter und Hugo Dias das Aaliechtli \u00fcbernommen haben. Es ist f\u00fcr mich wunderbar zu sehen, mit wieviel Herzblut die beiden ans Werk gehen und ihre eigene Note ins Gesch\u00e4ft bringen.\u00a0<\/p><p>Beide arbeiten ab sofort abwechselnd im Verkauf. W\u00e4hrend Jessica vor allem verantwortlich sein wird f\u00fcr Schmuck Herstellung und Pr\u00e4sentation wird sich Hugo um die Hintergrundarbeiten wie Homepage, Werbung und Buchhaltung k\u00fcmmern.<\/p><p>Keine Angst: ich bin noch nicht weg vom Fenster! Ich werde immer Sonntag und Montag alleine im Aaliechtli arbeiten. Am Dienstag bin ich noch unterst\u00fctzen da, bis Hugo ganz in die Steinheilkunde eingearbeitet ist. Und den Rest der Woche mache ich &#8220;mein eigenes Ding&#8221;. (siehe www.aaliechtli-steinheilkunde.ch) Nat\u00fcrlich mache ich auch Ferienabl\u00f6sung im Fr\u00fchling, Sommer und Herbst.<\/p><p>Den Unterhalt der Homepage gebe ich an Hugo Dias weiter. Somit ist das mein letzter Artikel auf dieser Seite.<\/p><p>EIN HERZLICHES DANKESCH\u00d6N!<\/p><p>Liebe Kunden, an dieser Stelle bedanke ich mich von ganzem Herzen f\u00fcr Ihre Kundentreue in den letzten Jahren. Nat\u00fcrlich habe ich mich \u00fcber eine verkaufte Kette immer sehr gefreut. Aber noch viel mehr aufgestellt hat es mich, wenn ich Ihnen gesundheitlich weiter helfen konnte. Die zahllosen R\u00fcckmeldungen bez\u00fcglich meiner Edelstein-Elixiere spornen mich immer wieder an, dran zu bleiben und neue Elixiere zu kreieren. Dies werde ich auch weiterhin tun und w\u00fcrde mich freuen, den einen oder die andere bei mir im Rinkenbach 28 zu treffen, sei es in einem Kurs oder f\u00fcr ein pers\u00f6nliches Beratungsgespr\u00e4ch.<\/p><p>Alles Liebe! Ihre Ruth Manser<\/p>\t\t\t\t\t\t<\/div>\n\t\t\t\t<\/div>\n\t\t\t\t\t<\/div>\n\t\t<\/div>\n\t\t\t\t\t<\/div>\n\t\t<\/section>\n\t\t\t\t<\/div>\n\t\t","protected":false},"excerpt":{"rendered":"<p>Neuer Wind im Aaliechtli Es freut mich ausserordentlich, hier und heute zu informieren, dass Jessica Wetter und Hugo Dias das Aaliechtli \u00fcbernommen haben. Es ist f\u00fcr mich wunderbar zu sehen, [&hellip;]<\/p>\n","protected":false},"author":3,"featured_media":0,"comment_status":"closed","ping_status":"closed","sticky":false,"template":"","format":"standard","meta":{"footnotes":""},"categories":[72],"tags":[],"class_list":["post-3813","post","type-post","status-publish","format-standard","hentry","category-geschichte-aaliechtli"],"yoast_head":"<!-- This site is optimized with the Yoast SEO plugin v23.6 - https:\/\/yoast.com\/wordpress\/plugins\/seo\/ -->\n<title>2019 - Aaliechtli<\/title>\n<meta name=\"robots\" content=\"index, follow, max-snippet:-1, max-image-preview:large, max-video-preview:-1\" \/>\n<link rel=\"canonical\" href=\"https:\/\/aaliechtli.ch\/2016-aaliechtli-ag-ein-3d-einkaufserlebnis-der-hauptgasse-appenzell-copy-copy-copy-copy\/\" \/>\n<meta property=\"og:locale\" content=\"en_US\" \/>\n<meta property=\"og:type\" content=\"article\" \/>\n<meta property=\"og:title\" content=\"2019 - Aaliechtli\" \/>\n<meta property=\"og:description\" content=\"Neuer Wind im Aaliechtli Es freut mich ausserordentlich, hier und heute zu informieren, dass Jessica Wetter und Hugo Dias das Aaliechtli \u00fcbernommen haben. Es ist f\u00fcr mich wunderbar zu sehen, [&hellip;]\" \/>\n<meta property=\"og:url\" content=\"https:\/\/aaliechtli.ch\/2016-aaliechtli-ag-ein-3d-einkaufserlebnis-der-hauptgasse-appenzell-copy-copy-copy-copy\/\" \/>\n<meta property=\"og:site_name\" content=\"Aaliechtli\" \/>\n<meta property=\"article:published_time\" content=\"2019-03-08T16:13:12+00:00\" \/>\n<meta property=\"article:modified_time\" content=\"2019-03-08T16:40:45+00:00\" \/>\n<meta name=\"author\" content=\"Hugo Dias\" \/>\n<meta name=\"twitter:card\" content=\"summary_large_image\" \/>\n<meta name=\"twitter:label1\" content=\"Written by\" \/>\n\t<meta name=\"twitter:data1\" content=\"Hugo Dias\" \/>\n\t<meta name=\"twitter:label2\" content=\"Est. reading time\" \/>\n\t<meta name=\"twitter:data2\" content=\"1 minute\" \/>\n<script type=\"application\/ld+json\" class=\"yoast-schema-graph\">{\"@context\":\"https:\/\/schema.org\",\"@graph\":[{\"@type\":\"Article\",\"@id\":\"https:\/\/aaliechtli.ch\/2016-aaliechtli-ag-ein-3d-einkaufserlebnis-der-hauptgasse-appenzell-copy-copy-copy-copy\/#article\",\"isPartOf\":{\"@id\":\"https:\/\/aaliechtli.ch\/2016-aaliechtli-ag-ein-3d-einkaufserlebnis-der-hauptgasse-appenzell-copy-copy-copy-copy\/\"},\"author\":{\"name\":\"Hugo Dias\",\"@id\":\"https:\/\/aaliechtli.ch\/#\/schema\/person\/21572136b784a6ad9e664e0b09c4b6f3\"},\"headline\":\"2019\",\"datePublished\":\"2019-03-08T16:13:12+00:00\",\"dateModified\":\"2019-03-08T16:40:45+00:00\",\"mainEntityOfPage\":{\"@id\":\"https:\/\/aaliechtli.ch\/2016-aaliechtli-ag-ein-3d-einkaufserlebnis-der-hauptgasse-appenzell-copy-copy-copy-copy\/\"},\"wordCount\":274,\"publisher\":{\"@id\":\"https:\/\/aaliechtli.ch\/#organization\"},\"articleSection\":[\"Geschichte aaliechtli\"],\"inLanguage\":\"en-US\"},{\"@type\":\"WebPage\",\"@id\":\"https:\/\/aaliechtli.ch\/2016-aaliechtli-ag-ein-3d-einkaufserlebnis-der-hauptgasse-appenzell-copy-copy-copy-copy\/\",\"url\":\"https:\/\/aaliechtli.ch\/2016-aaliechtli-ag-ein-3d-einkaufserlebnis-der-hauptgasse-appenzell-copy-copy-copy-copy\/\",\"name\":\"2019 - Aaliechtli\",\"isPartOf\":{\"@id\":\"https:\/\/aaliechtli.ch\/#website\"},\"datePublished\":\"2019-03-08T16:13:12+00:00\",\"dateModified\":\"2019-03-08T16:40:45+00:00\",\"breadcrumb\":{\"@id\":\"https:\/\/aaliechtli.ch\/2016-aaliechtli-ag-ein-3d-einkaufserlebnis-der-hauptgasse-appenzell-copy-copy-copy-copy\/#breadcrumb\"},\"inLanguage\":\"en-US\",\"potentialAction\":[{\"@type\":\"ReadAction\",\"target\":[\"https:\/\/aaliechtli.ch\/2016-aaliechtli-ag-ein-3d-einkaufserlebnis-der-hauptgasse-appenzell-copy-copy-copy-copy\/\"]}]},{\"@type\":\"BreadcrumbList\",\"@id\":\"https:\/\/aaliechtli.ch\/2016-aaliechtli-ag-ein-3d-einkaufserlebnis-der-hauptgasse-appenzell-copy-copy-copy-copy\/#breadcrumb\",\"itemListElement\":[{\"@type\":\"ListItem\",\"position\":1,\"name\":\"Home\",\"item\":\"https:\/\/aaliechtli.ch\/\"},{\"@type\":\"ListItem\",\"position\":2,\"name\":\"2019\"}]},{\"@type\":\"WebSite\",\"@id\":\"https:\/\/aaliechtli.ch\/#website\",\"url\":\"https:\/\/aaliechtli.ch\/\",\"name\":\"Aaliechtli\",\"description\":\"\",\"publisher\":{\"@id\":\"https:\/\/aaliechtli.ch\/#organization\"},\"potentialAction\":[{\"@type\":\"SearchAction\",\"target\":{\"@type\":\"EntryPoint\",\"urlTemplate\":\"https:\/\/aaliechtli.ch\/?s={search_term_string}\"},\"query-input\":{\"@type\":\"PropertyValueSpecification\",\"valueRequired\":true,\"valueName\":\"search_term_string\"}}],\"inLanguage\":\"en-US\"},{\"@type\":\"Organization\",\"@id\":\"https:\/\/aaliechtli.ch\/#organization\",\"name\":\"Aaliechtli\",\"url\":\"https:\/\/aaliechtli.ch\/\",\"logo\":{\"@type\":\"ImageObject\",\"inLanguage\":\"en-US\",\"@id\":\"https:\/\/aaliechtli.ch\/#\/schema\/logo\/image\/\",\"url\":\"https:\/\/aaliechtli.ch\/wp-content\/uploads\/2016\/11\/cropped-logo-aaliechtli-7.png\",\"contentUrl\":\"https:\/\/aaliechtli.ch\/wp-content\/uploads\/2016\/11\/cropped-logo-aaliechtli-7.png\",\"width\":375,\"height\":110,\"caption\":\"Aaliechtli\"},\"image\":{\"@id\":\"https:\/\/aaliechtli.ch\/#\/schema\/logo\/image\/\"}},{\"@type\":\"Person\",\"@id\":\"https:\/\/aaliechtli.ch\/#\/schema\/person\/21572136b784a6ad9e664e0b09c4b6f3\",\"name\":\"Hugo Dias\",\"url\":\"https:\/\/aaliechtli.ch\/en\/author\/ruth\/\"}]}<\/script>\n<!-- \/ Yoast SEO plugin. -->","yoast_head_json":{"title":"2019 - Aaliechtli","robots":{"index":"index","follow":"follow","max-snippet":"max-snippet:-1","max-image-preview":"max-image-preview:large","max-video-preview":"max-video-preview:-1"},"canonical":"https:\/\/aaliechtli.ch\/2016-aaliechtli-ag-ein-3d-einkaufserlebnis-der-hauptgasse-appenzell-copy-copy-copy-copy\/","og_locale":"en_US","og_type":"article","og_title":"2019 - Aaliechtli","og_description":"Neuer Wind im Aaliechtli Es freut mich ausserordentlich, hier und heute zu informieren, dass Jessica Wetter und Hugo Dias das Aaliechtli \u00fcbernommen haben. Es ist f\u00fcr mich wunderbar zu sehen, [&hellip;]","og_url":"https:\/\/aaliechtli.ch\/2016-aaliechtli-ag-ein-3d-einkaufserlebnis-der-hauptgasse-appenzell-copy-copy-copy-copy\/","og_site_name":"Aaliechtli","article_published_time":"2019-03-08T16:13:12+00:00","article_modified_time":"2019-03-08T16:40:45+00:00","author":"Hugo Dias","twitter_card":"summary_large_image","twitter_misc":{"Written by":"Hugo Dias","Est. reading time":"1 minute"},"schema":{"@context":"https:\/\/schema.org","@graph":[{"@type":"Article","@id":"https:\/\/aaliechtli.ch\/2016-aaliechtli-ag-ein-3d-einkaufserlebnis-der-hauptgasse-appenzell-copy-copy-copy-copy\/#article","isPartOf":{"@id":"https:\/\/aaliechtli.ch\/2016-aaliechtli-ag-ein-3d-einkaufserlebnis-der-hauptgasse-appenzell-copy-copy-copy-copy\/"},"author":{"name":"Hugo Dias","@id":"https:\/\/aaliechtli.ch\/#\/schema\/person\/21572136b784a6ad9e664e0b09c4b6f3"},"headline":"2019","datePublished":"2019-03-08T16:13:12+00:00","dateModified":"2019-03-08T16:40:45+00:00","mainEntityOfPage":{"@id":"https:\/\/aaliechtli.ch\/2016-aaliechtli-ag-ein-3d-einkaufserlebnis-der-hauptgasse-appenzell-copy-copy-copy-copy\/"},"wordCount":274,"publisher":{"@id":"https:\/\/aaliechtli.ch\/#organization"},"articleSection":["Geschichte aaliechtli"],"inLanguage":"en-US"},{"@type":"WebPage","@id":"https:\/\/aaliechtli.ch\/2016-aaliechtli-ag-ein-3d-einkaufserlebnis-der-hauptgasse-appenzell-copy-copy-copy-copy\/","url":"https:\/\/aaliechtli.ch\/2016-aaliechtli-ag-ein-3d-einkaufserlebnis-der-hauptgasse-appenzell-copy-copy-copy-copy\/","name":"2019 - Aaliechtli","isPartOf":{"@id":"https:\/\/aaliechtli.ch\/#website"},"datePublished":"2019-03-08T16:13:12+00:00","dateModified":"2019-03-08T16:40:45+00:00","breadcrumb":{"@id":"https:\/\/aaliechtli.ch\/2016-aaliechtli-ag-ein-3d-einkaufserlebnis-der-hauptgasse-appenzell-copy-copy-copy-copy\/#breadcrumb"},"inLanguage":"en-US","potentialAction":[{"@type":"ReadAction","target":["https:\/\/aaliechtli.ch\/2016-aaliechtli-ag-ein-3d-einkaufserlebnis-der-hauptgasse-appenzell-copy-copy-copy-copy\/"]}]},{"@type":"BreadcrumbList","@id":"https:\/\/aaliechtli.ch\/2016-aaliechtli-ag-ein-3d-einkaufserlebnis-der-hauptgasse-appenzell-copy-copy-copy-copy\/#breadcrumb","itemListElement":[{"@type":"ListItem","position":1,"name":"Home","item":"https:\/\/aaliechtli.ch\/"},{"@type":"ListItem","position":2,"name":"2019"}]},{"@type":"WebSite","@id":"https:\/\/aaliechtli.ch\/#website","url":"https:\/\/aaliechtli.ch\/","name":"Aaliechtli","description":"","publisher":{"@id":"https:\/\/aaliechtli.ch\/#organization"},"potentialAction":[{"@type":"SearchAction","target":{"@type":"EntryPoint","urlTemplate":"https:\/\/aaliechtli.ch\/?s={search_term_string}"},"query-input":{"@type":"PropertyValueSpecification","valueRequired":true,"valueName":"search_term_string"}}],"inLanguage":"en-US"},{"@type":"Organization","@id":"https:\/\/aaliechtli.ch\/#organization","name":"Aaliechtli","url":"https:\/\/aaliechtli.ch\/","logo":{"@type":"ImageObject","inLanguage":"en-US","@id":"https:\/\/aaliechtli.ch\/#\/schema\/logo\/image\/","url":"https:\/\/aaliechtli.ch\/wp-content\/uploads\/2016\/11\/cropped-logo-aaliechtli-7.png","contentUrl":"https:\/\/aaliechtli.ch\/wp-content\/uploads\/2016\/11\/cropped-logo-aaliechtli-7.png","width":375,"height":110,"caption":"Aaliechtli"},"image":{"@id":"https:\/\/aaliechtli.ch\/#\/schema\/logo\/image\/"}},{"@type":"Person","@id":"https:\/\/aaliechtli.ch\/#\/schema\/person\/21572136b784a6ad9e664e0b09c4b6f3","name":"Hugo Dias","url":"https:\/\/aaliechtli.ch\/en\/author\/ruth\/"}]}},"_links":{"self":[{"href":"https:\/\/aaliechtli.ch\/en\/wp-json\/wp\/v2\/posts\/3813","targetHints":{"allow":["GET"]}}],"collection":[{"href":"https:\/\/aaliechtli.ch\/en\/wp-json\/wp\/v2\/posts"}],"about":[{"href":"https:\/\/aaliechtli.ch\/en\/wp-json\/wp\/v2\/types\/post"}],"author":[{"embeddable":true,"href":"https:\/\/aaliechtli.ch\/en\/wp-json\/wp\/v2\/users\/3"}],"replies":[{"embeddable":true,"href":"https:\/\/aaliechtli.ch\/en\/wp-json\/wp\/v2\/comments?post=3813"}],"version-history":[{"count":2,"href":"https:\/\/aaliechtli.ch\/en\/wp-json\/wp\/v2\/posts\/3813\/revisions"}],"predecessor-version":[{"id":3816,"href":"https:\/\/aaliechtli.ch\/en\/wp-json\/wp\/v2\/posts\/3813\/revisions\/3816"}],"wp:attachment":[{"href":"https:\/\/aaliechtli.ch\/en\/wp-json\/wp\/v2\/media?parent=3813"}],"wp:term":[{"taxonomy":"category","embeddable":true,"href":"https:\/\/aaliechtli.ch\/en\/wp-json\/wp\/v2\/categories?post=3813"},{"taxonomy":"post_tag","embeddable":true,"href":"https:\/\/aaliechtli.ch\/en\/wp-json\/wp\/v2\/tags?post=3813"}],"curies":[{"name":"wp","href":"https:\/\/api.w.org\/{rel}","templated":true}]}}