{"id":1607,"date":"2016-03-06T11:04:41","date_gmt":"2016-03-06T11:04:41","guid":{"rendered":"http:\/\/aaliechtli.ch?p=1607"},"modified":"2017-03-06T14:53:31","modified_gmt":"2017-03-06T14:53:31","slug":"2013-gedenken-mary-simotti-copy-4","status":"publish","type":"post","link":"https:\/\/aaliechtli.ch\/es\/2013-gedenken-mary-simotti-copy-4\/","title":{"rendered":"2016"},"content":{"rendered":"<p>Wir arbeiten mit Hochtouren am Internetshop. Die ganzen \u00e4therischen \u00d6le, Raumsprays und R\u00e4ucherwaren sind bereits erfasst. Es gibt enorm viel Arbeit! Deshalb: haben Sie noch etwas Geduld, bis wir soweit sind! Um etwas Luft zu erhalten, haben wir von Mai bis Dezember eine Goldschmiedin angestellt. Rebeca Amaedo aus Spanien hat bereits im letzten Jahr bei uns ein 2-monatiges Praktikum gemacht und wir freuen uns sehr auf ihre Unterst\u00fctzung!<\/p>\n","protected":false},"excerpt":{"rendered":"<p>Wir arbeiten mit Hochtouren am Internetshop. Die ganzen \u00e4therischen \u00d6le, Raumsprays und R\u00e4ucherwaren sind bereits erfasst. Es gibt enorm viel Arbeit! Deshalb: haben Sie noch etwas Geduld, bis wir soweit [&hellip;]<\/p>\n","protected":false},"author":3,"featured_media":1591,"comment_status":"closed","ping_status":"closed","sticky":false,"template":"","format":"standard","meta":{"footnotes":""},"categories":[72],"tags":[],"class_list":["post-1607","post","type-post","status-publish","format-standard","has-post-thumbnail","hentry","category-geschichte-aaliechtli"],"yoast_head":"<!-- This site is optimized with the Yoast SEO plugin v23.6 - https:\/\/yoast.com\/wordpress\/plugins\/seo\/ -->\n<title>2016 - Aaliechtli<\/title>\n<meta name=\"robots\" content=\"index, follow, max-snippet:-1, max-image-preview:large, max-video-preview:-1\" \/>\n<link rel=\"canonical\" href=\"https:\/\/aaliechtli.ch\/es\/2013-gedenken-mary-simotti-copy-4\/\" \/>\n<meta property=\"og:locale\" content=\"es_ES\" \/>\n<meta property=\"og:type\" content=\"article\" \/>\n<meta property=\"og:title\" content=\"2016 - Aaliechtli\" \/>\n<meta property=\"og:description\" content=\"Wir arbeiten mit Hochtouren am Internetshop. Die ganzen \u00e4therischen \u00d6le, Raumsprays und R\u00e4ucherwaren sind bereits erfasst. Es gibt enorm viel Arbeit! Deshalb: haben Sie noch etwas Geduld, bis wir soweit [&hellip;]\" \/>\n<meta property=\"og:url\" content=\"https:\/\/aaliechtli.ch\/es\/2013-gedenken-mary-simotti-copy-4\/\" \/>\n<meta property=\"og:site_name\" content=\"Aaliechtli\" \/>\n<meta property=\"article:published_time\" content=\"2016-03-06T11:04:41+00:00\" \/>\n<meta property=\"article:modified_time\" content=\"2017-03-06T14:53:31+00:00\" \/>\n<meta property=\"og:image\" content=\"https:\/\/aaliechtli.ch\/wp-content\/uploads\/2017\/03\/Gesch\u00e4ft-offen-scaled.jpg\" \/>\n\t<meta property=\"og:image:width\" content=\"2560\" \/>\n\t<meta property=\"og:image:height\" content=\"1707\" \/>\n\t<meta property=\"og:image:type\" content=\"image\/jpeg\" \/>\n<meta name=\"author\" content=\"Hugo Dias\" \/>\n<meta name=\"twitter:card\" content=\"summary_large_image\" \/>\n<meta name=\"twitter:label1\" content=\"Escrito por\" \/>\n\t<meta name=\"twitter:data1\" content=\"Hugo Dias\" \/>\n<script type=\"application\/ld+json\" class=\"yoast-schema-graph\">{\"@context\":\"https:\/\/schema.org\",\"@graph\":[{\"@type\":\"Article\",\"@id\":\"https:\/\/aaliechtli.ch\/es\/2013-gedenken-mary-simotti-copy-4\/#article\",\"isPartOf\":{\"@id\":\"https:\/\/aaliechtli.ch\/es\/2013-gedenken-mary-simotti-copy-4\/\"},\"author\":{\"name\":\"Hugo Dias\",\"@id\":\"https:\/\/aaliechtli.ch\/#\/schema\/person\/21572136b784a6ad9e664e0b09c4b6f3\"},\"headline\":\"2016\",\"datePublished\":\"2016-03-06T11:04:41+00:00\",\"dateModified\":\"2017-03-06T14:53:31+00:00\",\"mainEntityOfPage\":{\"@id\":\"https:\/\/aaliechtli.ch\/es\/2013-gedenken-mary-simotti-copy-4\/\"},\"wordCount\":70,\"publisher\":{\"@id\":\"https:\/\/aaliechtli.ch\/#organization\"},\"image\":{\"@id\":\"https:\/\/aaliechtli.ch\/es\/2013-gedenken-mary-simotti-copy-4\/#primaryimage\"},\"thumbnailUrl\":\"https:\/\/aaliechtli.ch\/wp-content\/uploads\/2017\/03\/Gesch\u00e4ft-offen-scaled.jpg\",\"articleSection\":[\"Geschichte aaliechtli\"],\"inLanguage\":\"es\"},{\"@type\":\"WebPage\",\"@id\":\"https:\/\/aaliechtli.ch\/es\/2013-gedenken-mary-simotti-copy-4\/\",\"url\":\"https:\/\/aaliechtli.ch\/es\/2013-gedenken-mary-simotti-copy-4\/\",\"name\":\"2016 - Aaliechtli\",\"isPartOf\":{\"@id\":\"https:\/\/aaliechtli.ch\/#website\"},\"primaryImageOfPage\":{\"@id\":\"https:\/\/aaliechtli.ch\/es\/2013-gedenken-mary-simotti-copy-4\/#primaryimage\"},\"image\":{\"@id\":\"https:\/\/aaliechtli.ch\/es\/2013-gedenken-mary-simotti-copy-4\/#primaryimage\"},\"thumbnailUrl\":\"https:\/\/aaliechtli.ch\/wp-content\/uploads\/2017\/03\/Gesch\u00e4ft-offen-scaled.jpg\",\"datePublished\":\"2016-03-06T11:04:41+00:00\",\"dateModified\":\"2017-03-06T14:53:31+00:00\",\"breadcrumb\":{\"@id\":\"https:\/\/aaliechtli.ch\/es\/2013-gedenken-mary-simotti-copy-4\/#breadcrumb\"},\"inLanguage\":\"es\",\"potentialAction\":[{\"@type\":\"ReadAction\",\"target\":[\"https:\/\/aaliechtli.ch\/es\/2013-gedenken-mary-simotti-copy-4\/\"]}]},{\"@type\":\"ImageObject\",\"inLanguage\":\"es\",\"@id\":\"https:\/\/aaliechtli.ch\/es\/2013-gedenken-mary-simotti-copy-4\/#primaryimage\",\"url\":\"https:\/\/aaliechtli.ch\/wp-content\/uploads\/2017\/03\/Gesch\u00e4ft-offen-scaled.jpg\",\"contentUrl\":\"https:\/\/aaliechtli.ch\/wp-content\/uploads\/2017\/03\/Gesch\u00e4ft-offen-scaled.jpg\",\"width\":2560,\"height\":1707},{\"@type\":\"BreadcrumbList\",\"@id\":\"https:\/\/aaliechtli.ch\/es\/2013-gedenken-mary-simotti-copy-4\/#breadcrumb\",\"itemListElement\":[{\"@type\":\"ListItem\",\"position\":1,\"name\":\"Home\",\"item\":\"https:\/\/aaliechtli.ch\/es\/\"},{\"@type\":\"ListItem\",\"position\":2,\"name\":\"2016\"}]},{\"@type\":\"WebSite\",\"@id\":\"https:\/\/aaliechtli.ch\/#website\",\"url\":\"https:\/\/aaliechtli.ch\/\",\"name\":\"Aaliechtli\",\"description\":\"\",\"publisher\":{\"@id\":\"https:\/\/aaliechtli.ch\/#organization\"},\"potentialAction\":[{\"@type\":\"SearchAction\",\"target\":{\"@type\":\"EntryPoint\",\"urlTemplate\":\"https:\/\/aaliechtli.ch\/?s={search_term_string}\"},\"query-input\":{\"@type\":\"PropertyValueSpecification\",\"valueRequired\":true,\"valueName\":\"search_term_string\"}}],\"inLanguage\":\"es\"},{\"@type\":\"Organization\",\"@id\":\"https:\/\/aaliechtli.ch\/#organization\",\"name\":\"Aaliechtli\",\"url\":\"https:\/\/aaliechtli.ch\/\",\"logo\":{\"@type\":\"ImageObject\",\"inLanguage\":\"es\",\"@id\":\"https:\/\/aaliechtli.ch\/#\/schema\/logo\/image\/\",\"url\":\"https:\/\/aaliechtli.ch\/wp-content\/uploads\/2016\/11\/cropped-logo-aaliechtli-7.png\",\"contentUrl\":\"https:\/\/aaliechtli.ch\/wp-content\/uploads\/2016\/11\/cropped-logo-aaliechtli-7.png\",\"width\":375,\"height\":110,\"caption\":\"Aaliechtli\"},\"image\":{\"@id\":\"https:\/\/aaliechtli.ch\/#\/schema\/logo\/image\/\"}},{\"@type\":\"Person\",\"@id\":\"https:\/\/aaliechtli.ch\/#\/schema\/person\/21572136b784a6ad9e664e0b09c4b6f3\",\"name\":\"Hugo Dias\",\"url\":\"https:\/\/aaliechtli.ch\/es\/author\/ruth\/\"}]}<\/script>\n<!-- \/ Yoast SEO plugin. -->","yoast_head_json":{"title":"2016 - Aaliechtli","robots":{"index":"index","follow":"follow","max-snippet":"max-snippet:-1","max-image-preview":"max-image-preview:large","max-video-preview":"max-video-preview:-1"},"canonical":"https:\/\/aaliechtli.ch\/es\/2013-gedenken-mary-simotti-copy-4\/","og_locale":"es_ES","og_type":"article","og_title":"2016 - Aaliechtli","og_description":"Wir arbeiten mit Hochtouren am Internetshop. Die ganzen \u00e4therischen \u00d6le, Raumsprays und R\u00e4ucherwaren sind bereits erfasst. Es gibt enorm viel Arbeit! Deshalb: haben Sie noch etwas Geduld, bis wir soweit [&hellip;]","og_url":"https:\/\/aaliechtli.ch\/es\/2013-gedenken-mary-simotti-copy-4\/","og_site_name":"Aaliechtli","article_published_time":"2016-03-06T11:04:41+00:00","article_modified_time":"2017-03-06T14:53:31+00:00","og_image":[{"width":2560,"height":1707,"url":"https:\/\/aaliechtli.ch\/wp-content\/uploads\/2017\/03\/Gesch\u00e4ft-offen-scaled.jpg","type":"image\/jpeg"}],"author":"Hugo Dias","twitter_card":"summary_large_image","twitter_misc":{"Escrito por":"Hugo Dias"},"schema":{"@context":"https:\/\/schema.org","@graph":[{"@type":"Article","@id":"https:\/\/aaliechtli.ch\/es\/2013-gedenken-mary-simotti-copy-4\/#article","isPartOf":{"@id":"https:\/\/aaliechtli.ch\/es\/2013-gedenken-mary-simotti-copy-4\/"},"author":{"name":"Hugo Dias","@id":"https:\/\/aaliechtli.ch\/#\/schema\/person\/21572136b784a6ad9e664e0b09c4b6f3"},"headline":"2016","datePublished":"2016-03-06T11:04:41+00:00","dateModified":"2017-03-06T14:53:31+00:00","mainEntityOfPage":{"@id":"https:\/\/aaliechtli.ch\/es\/2013-gedenken-mary-simotti-copy-4\/"},"wordCount":70,"publisher":{"@id":"https:\/\/aaliechtli.ch\/#organization"},"image":{"@id":"https:\/\/aaliechtli.ch\/es\/2013-gedenken-mary-simotti-copy-4\/#primaryimage"},"thumbnailUrl":"https:\/\/aaliechtli.ch\/wp-content\/uploads\/2017\/03\/Gesch\u00e4ft-offen-scaled.jpg","articleSection":["Geschichte aaliechtli"],"inLanguage":"es"},{"@type":"WebPage","@id":"https:\/\/aaliechtli.ch\/es\/2013-gedenken-mary-simotti-copy-4\/","url":"https:\/\/aaliechtli.ch\/es\/2013-gedenken-mary-simotti-copy-4\/","name":"2016 - Aaliechtli","isPartOf":{"@id":"https:\/\/aaliechtli.ch\/#website"},"primaryImageOfPage":{"@id":"https:\/\/aaliechtli.ch\/es\/2013-gedenken-mary-simotti-copy-4\/#primaryimage"},"image":{"@id":"https:\/\/aaliechtli.ch\/es\/2013-gedenken-mary-simotti-copy-4\/#primaryimage"},"thumbnailUrl":"https:\/\/aaliechtli.ch\/wp-content\/uploads\/2017\/03\/Gesch\u00e4ft-offen-scaled.jpg","datePublished":"2016-03-06T11:04:41+00:00","dateModified":"2017-03-06T14:53:31+00:00","breadcrumb":{"@id":"https:\/\/aaliechtli.ch\/es\/2013-gedenken-mary-simotti-copy-4\/#breadcrumb"},"inLanguage":"es","potentialAction":[{"@type":"ReadAction","target":["https:\/\/aaliechtli.ch\/es\/2013-gedenken-mary-simotti-copy-4\/"]}]},{"@type":"ImageObject","inLanguage":"es","@id":"https:\/\/aaliechtli.ch\/es\/2013-gedenken-mary-simotti-copy-4\/#primaryimage","url":"https:\/\/aaliechtli.ch\/wp-content\/uploads\/2017\/03\/Gesch\u00e4ft-offen-scaled.jpg","contentUrl":"https:\/\/aaliechtli.ch\/wp-content\/uploads\/2017\/03\/Gesch\u00e4ft-offen-scaled.jpg","width":2560,"height":1707},{"@type":"BreadcrumbList","@id":"https:\/\/aaliechtli.ch\/es\/2013-gedenken-mary-simotti-copy-4\/#breadcrumb","itemListElement":[{"@type":"ListItem","position":1,"name":"Home","item":"https:\/\/aaliechtli.ch\/es\/"},{"@type":"ListItem","position":2,"name":"2016"}]},{"@type":"WebSite","@id":"https:\/\/aaliechtli.ch\/#website","url":"https:\/\/aaliechtli.ch\/","name":"Aaliechtli","description":"","publisher":{"@id":"https:\/\/aaliechtli.ch\/#organization"},"potentialAction":[{"@type":"SearchAction","target":{"@type":"EntryPoint","urlTemplate":"https:\/\/aaliechtli.ch\/?s={search_term_string}"},"query-input":{"@type":"PropertyValueSpecification","valueRequired":true,"valueName":"search_term_string"}}],"inLanguage":"es"},{"@type":"Organization","@id":"https:\/\/aaliechtli.ch\/#organization","name":"Aaliechtli","url":"https:\/\/aaliechtli.ch\/","logo":{"@type":"ImageObject","inLanguage":"es","@id":"https:\/\/aaliechtli.ch\/#\/schema\/logo\/image\/","url":"https:\/\/aaliechtli.ch\/wp-content\/uploads\/2016\/11\/cropped-logo-aaliechtli-7.png","contentUrl":"https:\/\/aaliechtli.ch\/wp-content\/uploads\/2016\/11\/cropped-logo-aaliechtli-7.png","width":375,"height":110,"caption":"Aaliechtli"},"image":{"@id":"https:\/\/aaliechtli.ch\/#\/schema\/logo\/image\/"}},{"@type":"Person","@id":"https:\/\/aaliechtli.ch\/#\/schema\/person\/21572136b784a6ad9e664e0b09c4b6f3","name":"Hugo Dias","url":"https:\/\/aaliechtli.ch\/es\/author\/ruth\/"}]}},"_links":{"self":[{"href":"https:\/\/aaliechtli.ch\/es\/wp-json\/wp\/v2\/posts\/1607","targetHints":{"allow":["GET"]}}],"collection":[{"href":"https:\/\/aaliechtli.ch\/es\/wp-json\/wp\/v2\/posts"}],"about":[{"href":"https:\/\/aaliechtli.ch\/es\/wp-json\/wp\/v2\/types\/post"}],"author":[{"embeddable":true,"href":"https:\/\/aaliechtli.ch\/es\/wp-json\/wp\/v2\/users\/3"}],"replies":[{"embeddable":true,"href":"https:\/\/aaliechtli.ch\/es\/wp-json\/wp\/v2\/comments?post=1607"}],"version-history":[{"count":2,"href":"https:\/\/aaliechtli.ch\/es\/wp-json\/wp\/v2\/posts\/1607\/revisions"}],"predecessor-version":[{"id":1612,"href":"https:\/\/aaliechtli.ch\/es\/wp-json\/wp\/v2\/posts\/1607\/revisions\/1612"}],"wp:featuredmedia":[{"embeddable":true,"href":"https:\/\/aaliechtli.ch\/es\/wp-json\/wp\/v2\/media\/1591"}],"wp:attachment":[{"href":"https:\/\/aaliechtli.ch\/es\/wp-json\/wp\/v2\/media?parent=1607"}],"wp:term":[{"taxonomy":"category","embeddable":true,"href":"https:\/\/aaliechtli.ch\/es\/wp-json\/wp\/v2\/categories?post=1607"},{"taxonomy":"post_tag","embeddable":true,"href":"https:\/\/aaliechtli.ch\/es\/wp-json\/wp\/v2\/tags?post=1607"}],"curies":[{"name":"wp","href":"https:\/\/api.w.org\/{rel}","templated":true}]}}