{"id":3272,"date":"2018-02-13T15:38:25","date_gmt":"2018-02-13T15:38:25","guid":{"rendered":"http:\/\/aaliechtli.ch?p=3272"},"modified":"2018-02-13T16:03:43","modified_gmt":"2018-02-13T16:03:43","slug":"2016-aaliechtli-ag-ein-3d-einkaufserlebnis-der-hauptgasse-appenzell-copy-copy","status":"publish","type":"post","link":"https:\/\/aaliechtli.ch\/es\/2016-aaliechtli-ag-ein-3d-einkaufserlebnis-der-hauptgasse-appenzell-copy-copy\/","title":{"rendered":"2018"},"content":{"rendered":"<p>Finanzielle Schwierigkeiten im 2017 haben uns veranlasst, Personal zu reduzieren und eine neue Strategie zu entwickeln. So versuchen wir, den Online-Shop voranzutreiben und drosseln die Laden\u00f6ffnungszeiten in der Filiale.<\/p>\n<p>Gleichzeitig bieten wir unseren Kunden an, ausserhalb der \u00d6ffnungszeiten im privaten Rahmen Zeit in unserem Gesch\u00e4ft zu verbringen. Der Preis daf\u00fcr richtet sich nach dem Aufwand. Sie haben vielf\u00e4ltige M\u00f6glichkeiten, alleine oder in kleinen Gruppen:<\/p>\n<ul>\n<li>\u00abnur\u00bb einkaufen<\/li>\n<li>Schmuck selber herstellen<\/li>\n<li>einkaufen mit ganz pers\u00f6nlicher Beratung<\/li>\n<li>Informationen \u00fcber die Heilwirkung der Steine sowie deren Anwendung und die Pflege<\/li>\n<li>kombiniert mit einem Aperitif<\/li>\n<li>etc.<\/li>\n<\/ul>\n<p>Ihrer Phantasie sind kaum Grenzen gesetzt! Schreiben Sie uns ein Mail mit Ihren W\u00fcnschen (welcome@aaliechtli.ch).<\/p>\n","protected":false},"excerpt":{"rendered":"<p>Finanzielle Schwierigkeiten im 2017 haben uns veranlasst, Personal zu reduzieren und eine neue Strategie zu entwickeln. So versuchen wir, den Online-Shop voranzutreiben und drosseln die Laden\u00f6ffnungszeiten in der Filiale. Gleichzeitig [&hellip;]<\/p>\n","protected":false},"author":3,"featured_media":0,"comment_status":"closed","ping_status":"closed","sticky":false,"template":"","format":"standard","meta":{"footnotes":""},"categories":[72],"tags":[],"class_list":["post-3272","post","type-post","status-publish","format-standard","hentry","category-geschichte-aaliechtli"],"yoast_head":"<!-- This site is optimized with the Yoast SEO plugin v23.6 - https:\/\/yoast.com\/wordpress\/plugins\/seo\/ -->\n<title>2018 - Aaliechtli<\/title>\n<meta name=\"robots\" content=\"index, follow, max-snippet:-1, max-image-preview:large, max-video-preview:-1\" \/>\n<link rel=\"canonical\" href=\"https:\/\/aaliechtli.ch\/2016-aaliechtli-ag-ein-3d-einkaufserlebnis-der-hauptgasse-appenzell-copy-copy\/\" \/>\n<meta property=\"og:locale\" content=\"es_ES\" \/>\n<meta property=\"og:type\" content=\"article\" \/>\n<meta property=\"og:title\" content=\"2018 - Aaliechtli\" \/>\n<meta property=\"og:description\" content=\"Finanzielle Schwierigkeiten im 2017 haben uns veranlasst, Personal zu reduzieren und eine neue Strategie zu entwickeln. So versuchen wir, den Online-Shop voranzutreiben und drosseln die Laden\u00f6ffnungszeiten in der Filiale. Gleichzeitig [&hellip;]\" \/>\n<meta property=\"og:url\" content=\"https:\/\/aaliechtli.ch\/2016-aaliechtli-ag-ein-3d-einkaufserlebnis-der-hauptgasse-appenzell-copy-copy\/\" \/>\n<meta property=\"og:site_name\" content=\"Aaliechtli\" \/>\n<meta property=\"article:published_time\" content=\"2018-02-13T15:38:25+00:00\" \/>\n<meta property=\"article:modified_time\" content=\"2018-02-13T16:03:43+00:00\" \/>\n<meta name=\"author\" content=\"Hugo Dias\" \/>\n<meta name=\"twitter:card\" content=\"summary_large_image\" \/>\n<meta name=\"twitter:label1\" content=\"Escrito por\" \/>\n\t<meta name=\"twitter:data1\" content=\"Hugo Dias\" \/>\n\t<meta name=\"twitter:label2\" content=\"Tiempo de lectura\" \/>\n\t<meta name=\"twitter:data2\" content=\"1 minuto\" \/>\n<script type=\"application\/ld+json\" class=\"yoast-schema-graph\">{\"@context\":\"https:\/\/schema.org\",\"@graph\":[{\"@type\":\"Article\",\"@id\":\"https:\/\/aaliechtli.ch\/2016-aaliechtli-ag-ein-3d-einkaufserlebnis-der-hauptgasse-appenzell-copy-copy\/#article\",\"isPartOf\":{\"@id\":\"https:\/\/aaliechtli.ch\/2016-aaliechtli-ag-ein-3d-einkaufserlebnis-der-hauptgasse-appenzell-copy-copy\/\"},\"author\":{\"name\":\"Hugo Dias\",\"@id\":\"https:\/\/aaliechtli.ch\/#\/schema\/person\/21572136b784a6ad9e664e0b09c4b6f3\"},\"headline\":\"2018\",\"datePublished\":\"2018-02-13T15:38:25+00:00\",\"dateModified\":\"2018-02-13T16:03:43+00:00\",\"mainEntityOfPage\":{\"@id\":\"https:\/\/aaliechtli.ch\/2016-aaliechtli-ag-ein-3d-einkaufserlebnis-der-hauptgasse-appenzell-copy-copy\/\"},\"wordCount\":114,\"publisher\":{\"@id\":\"https:\/\/aaliechtli.ch\/#organization\"},\"articleSection\":[\"Geschichte aaliechtli\"],\"inLanguage\":\"es\"},{\"@type\":\"WebPage\",\"@id\":\"https:\/\/aaliechtli.ch\/2016-aaliechtli-ag-ein-3d-einkaufserlebnis-der-hauptgasse-appenzell-copy-copy\/\",\"url\":\"https:\/\/aaliechtli.ch\/2016-aaliechtli-ag-ein-3d-einkaufserlebnis-der-hauptgasse-appenzell-copy-copy\/\",\"name\":\"2018 - Aaliechtli\",\"isPartOf\":{\"@id\":\"https:\/\/aaliechtli.ch\/#website\"},\"datePublished\":\"2018-02-13T15:38:25+00:00\",\"dateModified\":\"2018-02-13T16:03:43+00:00\",\"breadcrumb\":{\"@id\":\"https:\/\/aaliechtli.ch\/2016-aaliechtli-ag-ein-3d-einkaufserlebnis-der-hauptgasse-appenzell-copy-copy\/#breadcrumb\"},\"inLanguage\":\"es\",\"potentialAction\":[{\"@type\":\"ReadAction\",\"target\":[\"https:\/\/aaliechtli.ch\/2016-aaliechtli-ag-ein-3d-einkaufserlebnis-der-hauptgasse-appenzell-copy-copy\/\"]}]},{\"@type\":\"BreadcrumbList\",\"@id\":\"https:\/\/aaliechtli.ch\/2016-aaliechtli-ag-ein-3d-einkaufserlebnis-der-hauptgasse-appenzell-copy-copy\/#breadcrumb\",\"itemListElement\":[{\"@type\":\"ListItem\",\"position\":1,\"name\":\"Home\",\"item\":\"https:\/\/aaliechtli.ch\/es\/\"},{\"@type\":\"ListItem\",\"position\":2,\"name\":\"2018\"}]},{\"@type\":\"WebSite\",\"@id\":\"https:\/\/aaliechtli.ch\/#website\",\"url\":\"https:\/\/aaliechtli.ch\/\",\"name\":\"Aaliechtli\",\"description\":\"\",\"publisher\":{\"@id\":\"https:\/\/aaliechtli.ch\/#organization\"},\"potentialAction\":[{\"@type\":\"SearchAction\",\"target\":{\"@type\":\"EntryPoint\",\"urlTemplate\":\"https:\/\/aaliechtli.ch\/?s={search_term_string}\"},\"query-input\":{\"@type\":\"PropertyValueSpecification\",\"valueRequired\":true,\"valueName\":\"search_term_string\"}}],\"inLanguage\":\"es\"},{\"@type\":\"Organization\",\"@id\":\"https:\/\/aaliechtli.ch\/#organization\",\"name\":\"Aaliechtli\",\"url\":\"https:\/\/aaliechtli.ch\/\",\"logo\":{\"@type\":\"ImageObject\",\"inLanguage\":\"es\",\"@id\":\"https:\/\/aaliechtli.ch\/#\/schema\/logo\/image\/\",\"url\":\"https:\/\/aaliechtli.ch\/wp-content\/uploads\/2016\/11\/cropped-logo-aaliechtli-7.png\",\"contentUrl\":\"https:\/\/aaliechtli.ch\/wp-content\/uploads\/2016\/11\/cropped-logo-aaliechtli-7.png\",\"width\":375,\"height\":110,\"caption\":\"Aaliechtli\"},\"image\":{\"@id\":\"https:\/\/aaliechtli.ch\/#\/schema\/logo\/image\/\"}},{\"@type\":\"Person\",\"@id\":\"https:\/\/aaliechtli.ch\/#\/schema\/person\/21572136b784a6ad9e664e0b09c4b6f3\",\"name\":\"Hugo Dias\",\"url\":\"https:\/\/aaliechtli.ch\/es\/author\/ruth\/\"}]}<\/script>\n<!-- \/ Yoast SEO plugin. -->","yoast_head_json":{"title":"2018 - Aaliechtli","robots":{"index":"index","follow":"follow","max-snippet":"max-snippet:-1","max-image-preview":"max-image-preview:large","max-video-preview":"max-video-preview:-1"},"canonical":"https:\/\/aaliechtli.ch\/2016-aaliechtli-ag-ein-3d-einkaufserlebnis-der-hauptgasse-appenzell-copy-copy\/","og_locale":"es_ES","og_type":"article","og_title":"2018 - Aaliechtli","og_description":"Finanzielle Schwierigkeiten im 2017 haben uns veranlasst, Personal zu reduzieren und eine neue Strategie zu entwickeln. So versuchen wir, den Online-Shop voranzutreiben und drosseln die Laden\u00f6ffnungszeiten in der Filiale. Gleichzeitig [&hellip;]","og_url":"https:\/\/aaliechtli.ch\/2016-aaliechtli-ag-ein-3d-einkaufserlebnis-der-hauptgasse-appenzell-copy-copy\/","og_site_name":"Aaliechtli","article_published_time":"2018-02-13T15:38:25+00:00","article_modified_time":"2018-02-13T16:03:43+00:00","author":"Hugo Dias","twitter_card":"summary_large_image","twitter_misc":{"Escrito por":"Hugo Dias","Tiempo de lectura":"1 minuto"},"schema":{"@context":"https:\/\/schema.org","@graph":[{"@type":"Article","@id":"https:\/\/aaliechtli.ch\/2016-aaliechtli-ag-ein-3d-einkaufserlebnis-der-hauptgasse-appenzell-copy-copy\/#article","isPartOf":{"@id":"https:\/\/aaliechtli.ch\/2016-aaliechtli-ag-ein-3d-einkaufserlebnis-der-hauptgasse-appenzell-copy-copy\/"},"author":{"name":"Hugo Dias","@id":"https:\/\/aaliechtli.ch\/#\/schema\/person\/21572136b784a6ad9e664e0b09c4b6f3"},"headline":"2018","datePublished":"2018-02-13T15:38:25+00:00","dateModified":"2018-02-13T16:03:43+00:00","mainEntityOfPage":{"@id":"https:\/\/aaliechtli.ch\/2016-aaliechtli-ag-ein-3d-einkaufserlebnis-der-hauptgasse-appenzell-copy-copy\/"},"wordCount":114,"publisher":{"@id":"https:\/\/aaliechtli.ch\/#organization"},"articleSection":["Geschichte aaliechtli"],"inLanguage":"es"},{"@type":"WebPage","@id":"https:\/\/aaliechtli.ch\/2016-aaliechtli-ag-ein-3d-einkaufserlebnis-der-hauptgasse-appenzell-copy-copy\/","url":"https:\/\/aaliechtli.ch\/2016-aaliechtli-ag-ein-3d-einkaufserlebnis-der-hauptgasse-appenzell-copy-copy\/","name":"2018 - Aaliechtli","isPartOf":{"@id":"https:\/\/aaliechtli.ch\/#website"},"datePublished":"2018-02-13T15:38:25+00:00","dateModified":"2018-02-13T16:03:43+00:00","breadcrumb":{"@id":"https:\/\/aaliechtli.ch\/2016-aaliechtli-ag-ein-3d-einkaufserlebnis-der-hauptgasse-appenzell-copy-copy\/#breadcrumb"},"inLanguage":"es","potentialAction":[{"@type":"ReadAction","target":["https:\/\/aaliechtli.ch\/2016-aaliechtli-ag-ein-3d-einkaufserlebnis-der-hauptgasse-appenzell-copy-copy\/"]}]},{"@type":"BreadcrumbList","@id":"https:\/\/aaliechtli.ch\/2016-aaliechtli-ag-ein-3d-einkaufserlebnis-der-hauptgasse-appenzell-copy-copy\/#breadcrumb","itemListElement":[{"@type":"ListItem","position":1,"name":"Home","item":"https:\/\/aaliechtli.ch\/es\/"},{"@type":"ListItem","position":2,"name":"2018"}]},{"@type":"WebSite","@id":"https:\/\/aaliechtli.ch\/#website","url":"https:\/\/aaliechtli.ch\/","name":"Aaliechtli","description":"","publisher":{"@id":"https:\/\/aaliechtli.ch\/#organization"},"potentialAction":[{"@type":"SearchAction","target":{"@type":"EntryPoint","urlTemplate":"https:\/\/aaliechtli.ch\/?s={search_term_string}"},"query-input":{"@type":"PropertyValueSpecification","valueRequired":true,"valueName":"search_term_string"}}],"inLanguage":"es"},{"@type":"Organization","@id":"https:\/\/aaliechtli.ch\/#organization","name":"Aaliechtli","url":"https:\/\/aaliechtli.ch\/","logo":{"@type":"ImageObject","inLanguage":"es","@id":"https:\/\/aaliechtli.ch\/#\/schema\/logo\/image\/","url":"https:\/\/aaliechtli.ch\/wp-content\/uploads\/2016\/11\/cropped-logo-aaliechtli-7.png","contentUrl":"https:\/\/aaliechtli.ch\/wp-content\/uploads\/2016\/11\/cropped-logo-aaliechtli-7.png","width":375,"height":110,"caption":"Aaliechtli"},"image":{"@id":"https:\/\/aaliechtli.ch\/#\/schema\/logo\/image\/"}},{"@type":"Person","@id":"https:\/\/aaliechtli.ch\/#\/schema\/person\/21572136b784a6ad9e664e0b09c4b6f3","name":"Hugo Dias","url":"https:\/\/aaliechtli.ch\/es\/author\/ruth\/"}]}},"_links":{"self":[{"href":"https:\/\/aaliechtli.ch\/es\/wp-json\/wp\/v2\/posts\/3272","targetHints":{"allow":["GET"]}}],"collection":[{"href":"https:\/\/aaliechtli.ch\/es\/wp-json\/wp\/v2\/posts"}],"about":[{"href":"https:\/\/aaliechtli.ch\/es\/wp-json\/wp\/v2\/types\/post"}],"author":[{"embeddable":true,"href":"https:\/\/aaliechtli.ch\/es\/wp-json\/wp\/v2\/users\/3"}],"replies":[{"embeddable":true,"href":"https:\/\/aaliechtli.ch\/es\/wp-json\/wp\/v2\/comments?post=3272"}],"version-history":[{"count":2,"href":"https:\/\/aaliechtli.ch\/es\/wp-json\/wp\/v2\/posts\/3272\/revisions"}],"predecessor-version":[{"id":3275,"href":"https:\/\/aaliechtli.ch\/es\/wp-json\/wp\/v2\/posts\/3272\/revisions\/3275"}],"wp:attachment":[{"href":"https:\/\/aaliechtli.ch\/es\/wp-json\/wp\/v2\/media?parent=3272"}],"wp:term":[{"taxonomy":"category","embeddable":true,"href":"https:\/\/aaliechtli.ch\/es\/wp-json\/wp\/v2\/categories?post=3272"},{"taxonomy":"post_tag","embeddable":true,"href":"https:\/\/aaliechtli.ch\/es\/wp-json\/wp\/v2\/tags?post=3272"}],"curies":[{"name":"wp","href":"https:\/\/api.w.org\/{rel}","templated":true}]}}