{"id":3805,"date":"2019-03-08T15:16:22","date_gmt":"2019-03-08T15:16:22","guid":{"rendered":"http:\/\/aaliechtli.ch\/?p=3805"},"modified":"2019-03-08T16:10:54","modified_gmt":"2019-03-08T16:10:54","slug":"2016-aaliechtli-ag-ein-3d-einkaufserlebnis-der-hauptgasse-appenzell-copy-copy-copy","status":"publish","type":"post","link":"https:\/\/aaliechtli.ch\/es\/2016-aaliechtli-ag-ein-3d-einkaufserlebnis-der-hauptgasse-appenzell-copy-copy-copy\/","title":{"rendered":"2018\/19"},"content":{"rendered":"\t\t<div data-elementor-type=\"wp-post\" data-elementor-id=\"3805\" class=\"elementor elementor-3805 elementor-bc-flex-widget\">\n\t\t\t\t\t\t<section class=\"elementor-section elementor-top-section elementor-element elementor-element-7d5bb8c7 elementor-section-boxed elementor-section-height-default elementor-section-height-default\" data-id=\"7d5bb8c7\" data-element_type=\"section\">\n\t\t\t\t\t\t<div class=\"elementor-container elementor-column-gap-default\">\n\t\t\t\t\t<div class=\"elementor-column elementor-col-100 elementor-top-column elementor-element elementor-element-73e9419a\" data-id=\"73e9419a\" data-element_type=\"column\">\n\t\t\t<div class=\"elementor-widget-wrap elementor-element-populated\">\n\t\t\t\t\t\t<div class=\"elementor-element elementor-element-136f7181 elementor-widget elementor-widget-text-editor\" data-id=\"136f7181\" data-element_type=\"widget\" data-widget_type=\"text-editor.default\">\n\t\t\t\t<div class=\"elementor-widget-container\">\n\t\t\t\t\t\t\t<p>Und erstens kommt es anders, und zweitens, als man denkt&#8230;<\/p><p>Im September haben wir, Jessica, ihr Partner Hugo und ich, eines abends zusammen einen Kafi getrunken. Wir haben uns von unseren Tr\u00e4umen erz\u00e4hlt und festgestellt, dass sie sich vereinbaren lassen:<\/p><p>Jessica und Hugo haben davon getr\u00e4umt, sich mit ihrer Linie \u00abarteyexpression\u00bb selbst\u00e4ndig zu machen und irgendwann zusammen ein Ladengesch\u00e4ft zu er\u00f6ffnen. Und ich hatte mehr und mehr das Gef\u00fchl, ich br\u00e4uchte mehr Zeit f\u00fcr Dinge, die mir wichtig sind&#8230;<\/p><p>Nun, wir haben kurzerhand beschlossen, dass Hugo und Jessica den Laden \u00fcbernehmen und ich sie als Angestellte noch bis zu meiner Pensionierung begleite und unterst\u00fctze.<\/p><p><strong>Hauptgasse-Gesch\u00e4ft wird geschlossen<\/strong><\/p><p>Eine Umfrage hat ergeben, dass unsere Kunden lieber in unserem Hauptgesch\u00e4ft an der Marktgasse einkaufen als in unserer Filiale. Hinzu kommt, dass unser Gesch\u00e4ft an der Hauptgasse zu wenig einbringt, um die Kosten zu decken. So haben wir beschlossen, die Filiale per Ende 2018 zu schliessen.\u00a0<\/p><p>Wir werden versuchen, unser Gesch\u00e4ft in der Traube \u00absichtbarer zu machen\u00bb, sodass uns Touristen, welche nur auf der Hauptgasse flanieren, trotzdem finden.<\/p>\t\t\t\t\t\t<\/div>\n\t\t\t\t<\/div>\n\t\t\t\t\t<\/div>\n\t\t<\/div>\n\t\t\t\t\t<\/div>\n\t\t<\/section>\n\t\t\t\t<\/div>\n\t\t","protected":false},"excerpt":{"rendered":"<p>Und erstens kommt es anders, und zweitens, als man denkt&#8230; Im September haben wir, Jessica, ihr Partner Hugo und ich, eines abends zusammen einen Kafi getrunken. Wir haben uns von [&hellip;]<\/p>\n","protected":false},"author":3,"featured_media":0,"comment_status":"closed","ping_status":"closed","sticky":false,"template":"","format":"standard","meta":{"footnotes":""},"categories":[72],"tags":[],"class_list":["post-3805","post","type-post","status-publish","format-standard","hentry","category-geschichte-aaliechtli"],"yoast_head":"<!-- This site is optimized with the Yoast SEO plugin v23.6 - https:\/\/yoast.com\/wordpress\/plugins\/seo\/ -->\n<title>2018\/19 - Aaliechtli<\/title>\n<meta name=\"robots\" content=\"index, follow, max-snippet:-1, max-image-preview:large, max-video-preview:-1\" \/>\n<link rel=\"canonical\" href=\"https:\/\/aaliechtli.ch\/es\/2016-aaliechtli-ag-ein-3d-einkaufserlebnis-der-hauptgasse-appenzell-copy-copy-copy\/\" \/>\n<meta property=\"og:locale\" content=\"es_ES\" \/>\n<meta property=\"og:type\" content=\"article\" \/>\n<meta property=\"og:title\" content=\"2018\/19 - Aaliechtli\" \/>\n<meta property=\"og:description\" content=\"Und erstens kommt es anders, und zweitens, als man denkt&#8230; Im September haben wir, Jessica, ihr Partner Hugo und ich, eines abends zusammen einen Kafi getrunken. Wir haben uns von [&hellip;]\" \/>\n<meta property=\"og:url\" content=\"https:\/\/aaliechtli.ch\/es\/2016-aaliechtli-ag-ein-3d-einkaufserlebnis-der-hauptgasse-appenzell-copy-copy-copy\/\" \/>\n<meta property=\"og:site_name\" content=\"Aaliechtli\" \/>\n<meta property=\"article:published_time\" content=\"2019-03-08T15:16:22+00:00\" \/>\n<meta property=\"article:modified_time\" content=\"2019-03-08T16:10:54+00:00\" \/>\n<meta name=\"author\" content=\"Hugo Dias\" \/>\n<meta name=\"twitter:card\" content=\"summary_large_image\" \/>\n<meta name=\"twitter:label1\" content=\"Escrito por\" \/>\n\t<meta name=\"twitter:data1\" content=\"Hugo Dias\" \/>\n\t<meta name=\"twitter:label2\" content=\"Tiempo de lectura\" \/>\n\t<meta name=\"twitter:data2\" content=\"1 minuto\" \/>\n<script type=\"application\/ld+json\" class=\"yoast-schema-graph\">{\"@context\":\"https:\/\/schema.org\",\"@graph\":[{\"@type\":\"Article\",\"@id\":\"https:\/\/aaliechtli.ch\/es\/2016-aaliechtli-ag-ein-3d-einkaufserlebnis-der-hauptgasse-appenzell-copy-copy-copy\/#article\",\"isPartOf\":{\"@id\":\"https:\/\/aaliechtli.ch\/es\/2016-aaliechtli-ag-ein-3d-einkaufserlebnis-der-hauptgasse-appenzell-copy-copy-copy\/\"},\"author\":{\"name\":\"Hugo Dias\",\"@id\":\"https:\/\/aaliechtli.ch\/#\/schema\/person\/21572136b784a6ad9e664e0b09c4b6f3\"},\"headline\":\"2018\/19\",\"datePublished\":\"2019-03-08T15:16:22+00:00\",\"dateModified\":\"2019-03-08T16:10:54+00:00\",\"mainEntityOfPage\":{\"@id\":\"https:\/\/aaliechtli.ch\/es\/2016-aaliechtli-ag-ein-3d-einkaufserlebnis-der-hauptgasse-appenzell-copy-copy-copy\/\"},\"wordCount\":188,\"publisher\":{\"@id\":\"https:\/\/aaliechtli.ch\/#organization\"},\"articleSection\":[\"Geschichte aaliechtli\"],\"inLanguage\":\"es\"},{\"@type\":\"WebPage\",\"@id\":\"https:\/\/aaliechtli.ch\/es\/2016-aaliechtli-ag-ein-3d-einkaufserlebnis-der-hauptgasse-appenzell-copy-copy-copy\/\",\"url\":\"https:\/\/aaliechtli.ch\/es\/2016-aaliechtli-ag-ein-3d-einkaufserlebnis-der-hauptgasse-appenzell-copy-copy-copy\/\",\"name\":\"2018\/19 - Aaliechtli\",\"isPartOf\":{\"@id\":\"https:\/\/aaliechtli.ch\/#website\"},\"datePublished\":\"2019-03-08T15:16:22+00:00\",\"dateModified\":\"2019-03-08T16:10:54+00:00\",\"breadcrumb\":{\"@id\":\"https:\/\/aaliechtli.ch\/es\/2016-aaliechtli-ag-ein-3d-einkaufserlebnis-der-hauptgasse-appenzell-copy-copy-copy\/#breadcrumb\"},\"inLanguage\":\"es\",\"potentialAction\":[{\"@type\":\"ReadAction\",\"target\":[\"https:\/\/aaliechtli.ch\/es\/2016-aaliechtli-ag-ein-3d-einkaufserlebnis-der-hauptgasse-appenzell-copy-copy-copy\/\"]}]},{\"@type\":\"BreadcrumbList\",\"@id\":\"https:\/\/aaliechtli.ch\/es\/2016-aaliechtli-ag-ein-3d-einkaufserlebnis-der-hauptgasse-appenzell-copy-copy-copy\/#breadcrumb\",\"itemListElement\":[{\"@type\":\"ListItem\",\"position\":1,\"name\":\"Home\",\"item\":\"https:\/\/aaliechtli.ch\/es\/\"},{\"@type\":\"ListItem\",\"position\":2,\"name\":\"2018\/19\"}]},{\"@type\":\"WebSite\",\"@id\":\"https:\/\/aaliechtli.ch\/#website\",\"url\":\"https:\/\/aaliechtli.ch\/\",\"name\":\"Aaliechtli\",\"description\":\"\",\"publisher\":{\"@id\":\"https:\/\/aaliechtli.ch\/#organization\"},\"potentialAction\":[{\"@type\":\"SearchAction\",\"target\":{\"@type\":\"EntryPoint\",\"urlTemplate\":\"https:\/\/aaliechtli.ch\/?s={search_term_string}\"},\"query-input\":{\"@type\":\"PropertyValueSpecification\",\"valueRequired\":true,\"valueName\":\"search_term_string\"}}],\"inLanguage\":\"es\"},{\"@type\":\"Organization\",\"@id\":\"https:\/\/aaliechtli.ch\/#organization\",\"name\":\"Aaliechtli\",\"url\":\"https:\/\/aaliechtli.ch\/\",\"logo\":{\"@type\":\"ImageObject\",\"inLanguage\":\"es\",\"@id\":\"https:\/\/aaliechtli.ch\/#\/schema\/logo\/image\/\",\"url\":\"https:\/\/aaliechtli.ch\/wp-content\/uploads\/2016\/11\/cropped-logo-aaliechtli-7.png\",\"contentUrl\":\"https:\/\/aaliechtli.ch\/wp-content\/uploads\/2016\/11\/cropped-logo-aaliechtli-7.png\",\"width\":375,\"height\":110,\"caption\":\"Aaliechtli\"},\"image\":{\"@id\":\"https:\/\/aaliechtli.ch\/#\/schema\/logo\/image\/\"}},{\"@type\":\"Person\",\"@id\":\"https:\/\/aaliechtli.ch\/#\/schema\/person\/21572136b784a6ad9e664e0b09c4b6f3\",\"name\":\"Hugo Dias\",\"url\":\"https:\/\/aaliechtli.ch\/es\/author\/ruth\/\"}]}<\/script>\n<!-- \/ Yoast SEO plugin. -->","yoast_head_json":{"title":"2018\/19 - Aaliechtli","robots":{"index":"index","follow":"follow","max-snippet":"max-snippet:-1","max-image-preview":"max-image-preview:large","max-video-preview":"max-video-preview:-1"},"canonical":"https:\/\/aaliechtli.ch\/es\/2016-aaliechtli-ag-ein-3d-einkaufserlebnis-der-hauptgasse-appenzell-copy-copy-copy\/","og_locale":"es_ES","og_type":"article","og_title":"2018\/19 - Aaliechtli","og_description":"Und erstens kommt es anders, und zweitens, als man denkt&#8230; Im September haben wir, Jessica, ihr Partner Hugo und ich, eines abends zusammen einen Kafi getrunken. Wir haben uns von [&hellip;]","og_url":"https:\/\/aaliechtli.ch\/es\/2016-aaliechtli-ag-ein-3d-einkaufserlebnis-der-hauptgasse-appenzell-copy-copy-copy\/","og_site_name":"Aaliechtli","article_published_time":"2019-03-08T15:16:22+00:00","article_modified_time":"2019-03-08T16:10:54+00:00","author":"Hugo Dias","twitter_card":"summary_large_image","twitter_misc":{"Escrito por":"Hugo Dias","Tiempo de lectura":"1 minuto"},"schema":{"@context":"https:\/\/schema.org","@graph":[{"@type":"Article","@id":"https:\/\/aaliechtli.ch\/es\/2016-aaliechtli-ag-ein-3d-einkaufserlebnis-der-hauptgasse-appenzell-copy-copy-copy\/#article","isPartOf":{"@id":"https:\/\/aaliechtli.ch\/es\/2016-aaliechtli-ag-ein-3d-einkaufserlebnis-der-hauptgasse-appenzell-copy-copy-copy\/"},"author":{"name":"Hugo Dias","@id":"https:\/\/aaliechtli.ch\/#\/schema\/person\/21572136b784a6ad9e664e0b09c4b6f3"},"headline":"2018\/19","datePublished":"2019-03-08T15:16:22+00:00","dateModified":"2019-03-08T16:10:54+00:00","mainEntityOfPage":{"@id":"https:\/\/aaliechtli.ch\/es\/2016-aaliechtli-ag-ein-3d-einkaufserlebnis-der-hauptgasse-appenzell-copy-copy-copy\/"},"wordCount":188,"publisher":{"@id":"https:\/\/aaliechtli.ch\/#organization"},"articleSection":["Geschichte aaliechtli"],"inLanguage":"es"},{"@type":"WebPage","@id":"https:\/\/aaliechtli.ch\/es\/2016-aaliechtli-ag-ein-3d-einkaufserlebnis-der-hauptgasse-appenzell-copy-copy-copy\/","url":"https:\/\/aaliechtli.ch\/es\/2016-aaliechtli-ag-ein-3d-einkaufserlebnis-der-hauptgasse-appenzell-copy-copy-copy\/","name":"2018\/19 - Aaliechtli","isPartOf":{"@id":"https:\/\/aaliechtli.ch\/#website"},"datePublished":"2019-03-08T15:16:22+00:00","dateModified":"2019-03-08T16:10:54+00:00","breadcrumb":{"@id":"https:\/\/aaliechtli.ch\/es\/2016-aaliechtli-ag-ein-3d-einkaufserlebnis-der-hauptgasse-appenzell-copy-copy-copy\/#breadcrumb"},"inLanguage":"es","potentialAction":[{"@type":"ReadAction","target":["https:\/\/aaliechtli.ch\/es\/2016-aaliechtli-ag-ein-3d-einkaufserlebnis-der-hauptgasse-appenzell-copy-copy-copy\/"]}]},{"@type":"BreadcrumbList","@id":"https:\/\/aaliechtli.ch\/es\/2016-aaliechtli-ag-ein-3d-einkaufserlebnis-der-hauptgasse-appenzell-copy-copy-copy\/#breadcrumb","itemListElement":[{"@type":"ListItem","position":1,"name":"Home","item":"https:\/\/aaliechtli.ch\/es\/"},{"@type":"ListItem","position":2,"name":"2018\/19"}]},{"@type":"WebSite","@id":"https:\/\/aaliechtli.ch\/#website","url":"https:\/\/aaliechtli.ch\/","name":"Aaliechtli","description":"","publisher":{"@id":"https:\/\/aaliechtli.ch\/#organization"},"potentialAction":[{"@type":"SearchAction","target":{"@type":"EntryPoint","urlTemplate":"https:\/\/aaliechtli.ch\/?s={search_term_string}"},"query-input":{"@type":"PropertyValueSpecification","valueRequired":true,"valueName":"search_term_string"}}],"inLanguage":"es"},{"@type":"Organization","@id":"https:\/\/aaliechtli.ch\/#organization","name":"Aaliechtli","url":"https:\/\/aaliechtli.ch\/","logo":{"@type":"ImageObject","inLanguage":"es","@id":"https:\/\/aaliechtli.ch\/#\/schema\/logo\/image\/","url":"https:\/\/aaliechtli.ch\/wp-content\/uploads\/2016\/11\/cropped-logo-aaliechtli-7.png","contentUrl":"https:\/\/aaliechtli.ch\/wp-content\/uploads\/2016\/11\/cropped-logo-aaliechtli-7.png","width":375,"height":110,"caption":"Aaliechtli"},"image":{"@id":"https:\/\/aaliechtli.ch\/#\/schema\/logo\/image\/"}},{"@type":"Person","@id":"https:\/\/aaliechtli.ch\/#\/schema\/person\/21572136b784a6ad9e664e0b09c4b6f3","name":"Hugo Dias","url":"https:\/\/aaliechtli.ch\/es\/author\/ruth\/"}]}},"_links":{"self":[{"href":"https:\/\/aaliechtli.ch\/es\/wp-json\/wp\/v2\/posts\/3805","targetHints":{"allow":["GET"]}}],"collection":[{"href":"https:\/\/aaliechtli.ch\/es\/wp-json\/wp\/v2\/posts"}],"about":[{"href":"https:\/\/aaliechtli.ch\/es\/wp-json\/wp\/v2\/types\/post"}],"author":[{"embeddable":true,"href":"https:\/\/aaliechtli.ch\/es\/wp-json\/wp\/v2\/users\/3"}],"replies":[{"embeddable":true,"href":"https:\/\/aaliechtli.ch\/es\/wp-json\/wp\/v2\/comments?post=3805"}],"version-history":[{"count":5,"href":"https:\/\/aaliechtli.ch\/es\/wp-json\/wp\/v2\/posts\/3805\/revisions"}],"predecessor-version":[{"id":3812,"href":"https:\/\/aaliechtli.ch\/es\/wp-json\/wp\/v2\/posts\/3805\/revisions\/3812"}],"wp:attachment":[{"href":"https:\/\/aaliechtli.ch\/es\/wp-json\/wp\/v2\/media?parent=3805"}],"wp:term":[{"taxonomy":"category","embeddable":true,"href":"https:\/\/aaliechtli.ch\/es\/wp-json\/wp\/v2\/categories?post=3805"},{"taxonomy":"post_tag","embeddable":true,"href":"https:\/\/aaliechtli.ch\/es\/wp-json\/wp\/v2\/tags?post=3805"}],"curies":[{"name":"wp","href":"https:\/\/api.w.org\/{rel}","templated":true}]}}